{"id":9202,"date":"2018-09-21T01:36:05","date_gmt":"2018-09-20T23:36:05","guid":{"rendered":"https:\/\/www.libroart.de\/lindabroszeit\/?p=9202"},"modified":"2018-09-15T11:38:02","modified_gmt":"2018-09-15T09:38:02","slug":"ganz-schoen-auf-draht-altena-teil-2","status":"publish","type":"post","link":"https:\/\/www.libroart.de\/lindabroszeit\/2018\/09\/21\/ganz-schoen-auf-draht-altena-teil-2\/","title":{"rendered":"Ganz sch\u00f6n auf Draht- Altena Teil 2"},"content":{"rendered":"<p>Gestern erw\u00e4hnte ich den B\u00fcrgermeister von Altena, Andreas Hollstein, &nbsp; der letzte Woche wegen seiner Fl\u00fcchtlingspolitik einen Preis von den Vereinten Nationen verliehen bekam. Dies passt zu Altena, denn hier gab es auch die erste Jugendherberge der Welt! &nbsp;Wikipedia schreibt dazu:<\/p>\n<p>Jugendherbergen entstanden ab Anfang des 20. Jahrhunderts im Zuge der <a title=\"Jugendbewegung\" href=\"https:\/\/de.m.wikipedia.org\/wiki\/Jugendbewegung\">Jugendbewegung<\/a> als Unterk\u00fcnfte f\u00fcr junge Menschen, Jugendgruppen und Schulklassen. Am 26. August 1909 hatte <a title=\"Richard Schirrmann\" href=\"https:\/\/de.m.wikipedia.org\/wiki\/Richard_Schirrmann\">Richard Schirrmann<\/a>, ein Lehrer an der heutigen Richard-Schirrmann-Schule in <a title=\"Altena\" href=\"https:\/\/de.m.wikipedia.org\/wiki\/Altena\">Altena<\/a>, erstmals die Vision einer Jugendherberge.<sup id=\"cite_ref-1\" class=\"reference\"><a href=\"https:\/\/de.m.wikipedia.org\/wiki\/Jugendherberge#cite_note-1\">[1]<\/a><\/sup> Die Idee wurde von ihm in seiner Schule 1911 realisiert.<sup id=\"cite_ref-2\" class=\"reference\"><a href=\"https:\/\/de.m.wikipedia.org\/wiki\/Jugendherberge#cite_note-2\">[2]<\/a><\/sup> Dieses Provisorium wurde 1912 durch eine Jugendherberge auf der <a title=\"Burg Altena\" href=\"https:\/\/de.m.wikipedia.org\/wiki\/Burg_Altena\">Burg Altena<\/a> oberhalb der Stadt ersetzt, die heute als Teil des Museums der Burg Altena im Original zu besichtigen ist.<sup id=\"cite_ref-3\" class=\"reference\"><a href=\"https:\/\/de.m.wikipedia.org\/wiki\/Jugendherberge#cite_note-3\">[3]<\/a><\/sup> Daneben besteht auch heute auf der Burg Altena eine Jugendherberge. 1911 gab es bereits 17 Jugendherbergen, 1921 etwa 1300 und 1928 rund 2200. Sie hatten h\u00e4ufig gro\u00dfe Schlafs\u00e4le und wenige kleinere Zimmer f\u00fcr die Betreuer.<\/p>\n<p><img loading=\"lazy\" decoding=\"async\" class=\"alignnone size-medium wp-image-9206\" src=\"https:\/\/www.libroart.de\/lindabroszeit\/wp-content\/uploads\/2018\/09\/D8000A5D-8DDA-4484-8FBC-E2323AC7DA66-201x300.jpeg\" alt=\"\" width=\"201\" height=\"300\" srcset=\"https:\/\/www.libroart.de\/lindabroszeit\/wp-content\/uploads\/2018\/09\/D8000A5D-8DDA-4484-8FBC-E2323AC7DA66-201x300.jpeg 201w, https:\/\/www.libroart.de\/lindabroszeit\/wp-content\/uploads\/2018\/09\/D8000A5D-8DDA-4484-8FBC-E2323AC7DA66-768x1145.jpeg 768w, https:\/\/www.libroart.de\/lindabroszeit\/wp-content\/uploads\/2018\/09\/D8000A5D-8DDA-4484-8FBC-E2323AC7DA66-687x1024.jpeg 687w, https:\/\/www.libroart.de\/lindabroszeit\/wp-content\/uploads\/2018\/09\/D8000A5D-8DDA-4484-8FBC-E2323AC7DA66-1200x1788.jpeg 1200w, https:\/\/www.libroart.de\/lindabroszeit\/wp-content\/uploads\/2018\/09\/D8000A5D-8DDA-4484-8FBC-E2323AC7DA66.jpeg 1234w\" sizes=\"auto, (max-width: 201px) 85vw, 201px\" \/><\/p>\n<p>Wir besichtigten die Burg, die aber nicht nur Einblicke in das fr\u00fche Jugendherbergsleben gibt, sondern auch ein umfangreiches Heimatmuseum hat, dessen R\u00e4ume einen ganzen Burgfl\u00fcgel einnehmen. Man sollte Zeit mitbringen&#8230;Ein Raum war f\u00fcr mich eine wahre Fundgrube f\u00fcr zuk\u00fcnftige Quizfragen&#8230;<\/p>\n<p><img loading=\"lazy\" decoding=\"async\" class=\"alignnone size-large wp-image-9208\" src=\"https:\/\/www.libroart.de\/lindabroszeit\/wp-content\/uploads\/2018\/09\/11FA4ABF-0E9D-4AE3-A78A-516F48230F39-768x1024.jpeg\" alt=\"\" width=\"768\" height=\"1024\" srcset=\"https:\/\/www.libroart.de\/lindabroszeit\/wp-content\/uploads\/2018\/09\/11FA4ABF-0E9D-4AE3-A78A-516F48230F39-768x1024.jpeg 768w, https:\/\/www.libroart.de\/lindabroszeit\/wp-content\/uploads\/2018\/09\/11FA4ABF-0E9D-4AE3-A78A-516F48230F39-225x300.jpeg 225w, https:\/\/www.libroart.de\/lindabroszeit\/wp-content\/uploads\/2018\/09\/11FA4ABF-0E9D-4AE3-A78A-516F48230F39-1200x1600.jpeg 1200w, https:\/\/www.libroart.de\/lindabroszeit\/wp-content\/uploads\/2018\/09\/11FA4ABF-0E9D-4AE3-A78A-516F48230F39.jpeg 1234w\" sizes=\"auto, (max-width: 709px) 85vw, (max-width: 909px) 67vw, (max-width: 984px) 61vw, (max-width: 1362px) 45vw, 600px\" \/><\/p>\n<p>Tipp 1: Wenn Sie bei einem Ausflug die Burg besichtigen und Sie danach sich mit Essen st\u00e4rken m\u00f6chten, gehen Sie nicht in das Burgrestaurant. Das Beste dort ist die Aussicht von der Terrasse aus, aber die Organisation von Bedienung und K\u00fcche ist sehr verbesserungsw\u00fcrdig und anscheinend schmeckt das Essen auch nicht so toll. (Wir haben gar kein Essen bekommen, aber an Nachbartischen sahen wir, dass mehrere Teller noch halbvoll wieder zur\u00fcck gingen).<\/p>\n<p>Tipp 2: Wenn Sie auf die Idee kommen sollten, an einer der nahegelegenen Talsperren Kaffee trinken zu wollen, suchen Sie sich ein anderes Caf\u00e9-Ziel. Wir klapperten drei Talsperren ab, alle boten sch\u00f6ne Spazierwege an, aber keine M\u00f6glichkeit zur Einkehr.<\/p>\n<p>Tipp 3: Momentan begleitet mich dieses H\u00f6rbuch beim B\u00fcgeln.<\/p>\n<p><img loading=\"lazy\" decoding=\"async\" class=\"alignnone size-medium wp-image-9236\" src=\"https:\/\/www.libroart.de\/lindabroszeit\/wp-content\/uploads\/2018\/09\/FA5AC509-B47E-423A-AA7F-7C5D04A511E3-198x300.jpeg\" alt=\"\" width=\"198\" height=\"300\" srcset=\"https:\/\/www.libroart.de\/lindabroszeit\/wp-content\/uploads\/2018\/09\/FA5AC509-B47E-423A-AA7F-7C5D04A511E3-198x300.jpeg 198w, https:\/\/www.libroart.de\/lindabroszeit\/wp-content\/uploads\/2018\/09\/FA5AC509-B47E-423A-AA7F-7C5D04A511E3.jpeg 329w\" sizes=\"auto, (max-width: 198px) 85vw, 198px\" \/><\/p>\n<p>Es ist die Geschichte einer Familie in Altena, die vom Drahtgesch\u00e4ft lebt. Der Roman beginnt mit der W\u00e4hrungsreform und endet 1989. Von den 17 Stunden des H\u00f6rbuches habe ich bisher drei geh\u00f6rt und es gef\u00e4llt mir gut. Es ist nicht nur eine Familiegeschichte, sondern auch eine Reise in die Nachkriegszeit.<\/p>\n<p>Als Abschluss des Altena \u201eKapitels\u201c wird die morgige Aufgabe f\u00fcr die grauen Zellen etwas mit unserem Ausflug zu tun haben.<\/p>\n","protected":false},"excerpt":{"rendered":"<p>Gestern erw\u00e4hnte ich den B\u00fcrgermeister von Altena, Andreas Hollstein, &nbsp; der letzte Woche wegen seiner Fl\u00fcchtlingspolitik einen Preis von den Vereinten Nationen verliehen bekam. Dies passt zu Altena, denn hier gab es auch die erste Jugendherberge der Welt! &nbsp;Wikipedia schreibt dazu: Jugendherbergen entstanden ab Anfang des 20. Jahrhunderts im Zuge der Jugendbewegung als Unterk\u00fcnfte f\u00fcr &hellip; <a href=\"https:\/\/www.libroart.de\/lindabroszeit\/2018\/09\/21\/ganz-schoen-auf-draht-altena-teil-2\/\" class=\"more-link\"><span class=\"screen-reader-text\">\u201eGanz sch\u00f6n auf Draht- Altena Teil 2\u201c<\/span> weiterlesen<\/a><\/p>\n","protected":false},"author":1,"featured_media":0,"comment_status":"open","ping_status":"open","sticky":false,"template":"","format":"standard","meta":{"ngg_post_thumbnail":0,"footnotes":""},"categories":[246],"tags":[170,141,610,592,1644,1643,142],"class_list":["post-9202","post","type-post","status-publish","format-standard","hentry","category-schon-geschafft-meine-ausflugstipps-fuer-sie","tag-ausflugstipps","tag-ausstellung","tag-burg","tag-geschichte","tag-heimat","tag-jugendherberge","tag-museum"],"aioseo_notices":[],"_links":{"self":[{"href":"https:\/\/www.libroart.de\/lindabroszeit\/wp-json\/wp\/v2\/posts\/9202","targetHints":{"allow":["GET"]}}],"collection":[{"href":"https:\/\/www.libroart.de\/lindabroszeit\/wp-json\/wp\/v2\/posts"}],"about":[{"href":"https:\/\/www.libroart.de\/lindabroszeit\/wp-json\/wp\/v2\/types\/post"}],"author":[{"embeddable":true,"href":"https:\/\/www.libroart.de\/lindabroszeit\/wp-json\/wp\/v2\/users\/1"}],"replies":[{"embeddable":true,"href":"https:\/\/www.libroart.de\/lindabroszeit\/wp-json\/wp\/v2\/comments?post=9202"}],"version-history":[{"count":7,"href":"https:\/\/www.libroart.de\/lindabroszeit\/wp-json\/wp\/v2\/posts\/9202\/revisions"}],"predecessor-version":[{"id":9237,"href":"https:\/\/www.libroart.de\/lindabroszeit\/wp-json\/wp\/v2\/posts\/9202\/revisions\/9237"}],"wp:attachment":[{"href":"https:\/\/www.libroart.de\/lindabroszeit\/wp-json\/wp\/v2\/media?parent=9202"}],"wp:term":[{"taxonomy":"category","embeddable":true,"href":"https:\/\/www.libroart.de\/lindabroszeit\/wp-json\/wp\/v2\/categories?post=9202"},{"taxonomy":"post_tag","embeddable":true,"href":"https:\/\/www.libroart.de\/lindabroszeit\/wp-json\/wp\/v2\/tags?post=9202"}],"curies":[{"name":"wp","href":"https:\/\/api.w.org\/{rel}","templated":true}]}}