{"id":8925,"date":"2018-09-10T01:08:34","date_gmt":"2018-09-09T23:08:34","guid":{"rendered":"https:\/\/www.libroart.de\/lindabroszeit\/?p=8925"},"modified":"2018-09-12T11:33:24","modified_gmt":"2018-09-12T09:33:24","slug":"freud-und-leid-von-gartentieren","status":"publish","type":"post","link":"https:\/\/www.libroart.de\/lindabroszeit\/2018\/09\/10\/freud-und-leid-von-gartentieren\/","title":{"rendered":"Freud und Leid von Gartentieren"},"content":{"rendered":"<p>Letztes Jahr ernannte ich die Astilbe zu meiner \u201eGartenpflanze des Jahres\u201c, 2018 bekommt die Knautia diese Auszeichnung.<\/p>\n<p><img loading=\"lazy\" decoding=\"async\" class=\"alignnone size-large wp-image-8926\" src=\"https:\/\/www.libroart.de\/lindabroszeit\/wp-content\/uploads\/2018\/08\/3C7D0C43-686C-4482-A135-C98F445A245F-1024x768.jpeg\" alt=\"\" width=\"840\" height=\"630\"><\/p>\n<p>Sie bl\u00fcht ununterbrochen seit M\u00e4rz, vertrug die Hitze gut und begn\u00fcgt sich mit mittelm\u00e4\u00dfigem Boden. Schnecken m\u00f6gen sie nicht, aber daf\u00fcr wird sie von Bienen geliebt. Ich habe bisher nur eine Pflanze im Garten, aber n\u00e4chstes Jahr werde ich noch einige neue dazukaufen.<\/p>\n<p>Die Bienen haben Freude, nicht so die Igel. Haben Sie einen Roboterrasenm\u00e4her in Ihrem Garten? Wenn ja, wissen Sie, was er mit den Igeln in Ihrem Garten macht? Ach, Sie haben keine Igel mehr in Ihrem Garten? Ich vermeide es, in meinem Blog schlimme Fotos zu zeigen, man bekommt sie auf anderen Plattformen zur Gen\u00fcge zu sehen. Wenn Sie sich die Auswirkungen von <em>Rasenm\u00e4herroboter&nbsp;<\/em>auf <em>Igel<\/em>&nbsp;ansehen m\u00f6chten, dann geben Sie bei Google einfach nur diese beiden Begriffe ein. W\u00fcrde mich freuen, wenn Sie den Roboter zum Betriebshof bringen und verschrotten lassen.<\/p>\n<p>P.S. Was ich \u00fcber &nbsp;M\u00e4hroboter geschrieben habe, das gilt \u00fcbrigens auch f\u00fcr Fadenm\u00e4her.<\/p>\n","protected":false},"excerpt":{"rendered":"<p>Letztes Jahr ernannte ich die Astilbe zu meiner \u201eGartenpflanze des Jahres\u201c, 2018 bekommt die Knautia diese Auszeichnung. Sie bl\u00fcht ununterbrochen seit M\u00e4rz, vertrug die Hitze gut und begn\u00fcgt sich mit mittelm\u00e4\u00dfigem Boden. Schnecken m\u00f6gen sie nicht, aber daf\u00fcr wird sie von Bienen geliebt. Ich habe bisher nur eine Pflanze im Garten, aber n\u00e4chstes Jahr werde &hellip; <a href=\"https:\/\/www.libroart.de\/lindabroszeit\/2018\/09\/10\/freud-und-leid-von-gartentieren\/\" class=\"more-link\"><span class=\"screen-reader-text\">\u201eFreud und Leid von Gartentieren\u201c<\/span> weiterlesen<\/a><\/p>\n","protected":false},"author":1,"featured_media":0,"comment_status":"open","ping_status":"open","sticky":false,"template":"","format":"standard","meta":{"ngg_post_thumbnail":0,"footnotes":""},"categories":[3],"tags":[544,152,4,732,1620,1621,297],"class_list":["post-8925","post","type-post","status-publish","format-standard","hentry","category-mein-garten","tag-bienen","tag-fruehling","tag-garten","tag-herbst","tag-igel","tag-rasenmaeher","tag-sommer"],"aioseo_notices":[],"_links":{"self":[{"href":"https:\/\/www.libroart.de\/lindabroszeit\/wp-json\/wp\/v2\/posts\/8925","targetHints":{"allow":["GET"]}}],"collection":[{"href":"https:\/\/www.libroart.de\/lindabroszeit\/wp-json\/wp\/v2\/posts"}],"about":[{"href":"https:\/\/www.libroart.de\/lindabroszeit\/wp-json\/wp\/v2\/types\/post"}],"author":[{"embeddable":true,"href":"https:\/\/www.libroart.de\/lindabroszeit\/wp-json\/wp\/v2\/users\/1"}],"replies":[{"embeddable":true,"href":"https:\/\/www.libroart.de\/lindabroszeit\/wp-json\/wp\/v2\/comments?post=8925"}],"version-history":[{"count":6,"href":"https:\/\/www.libroart.de\/lindabroszeit\/wp-json\/wp\/v2\/posts\/8925\/revisions"}],"predecessor-version":[{"id":9160,"href":"https:\/\/www.libroart.de\/lindabroszeit\/wp-json\/wp\/v2\/posts\/8925\/revisions\/9160"}],"wp:attachment":[{"href":"https:\/\/www.libroart.de\/lindabroszeit\/wp-json\/wp\/v2\/media?parent=8925"}],"wp:term":[{"taxonomy":"category","embeddable":true,"href":"https:\/\/www.libroart.de\/lindabroszeit\/wp-json\/wp\/v2\/categories?post=8925"},{"taxonomy":"post_tag","embeddable":true,"href":"https:\/\/www.libroart.de\/lindabroszeit\/wp-json\/wp\/v2\/tags?post=8925"}],"curies":[{"name":"wp","href":"https:\/\/api.w.org\/{rel}","templated":true}]}}