{"id":8832,"date":"2018-08-28T00:31:47","date_gmt":"2018-08-27T22:31:47","guid":{"rendered":"https:\/\/www.libroart.de\/lindabroszeit\/?p=8832"},"modified":"2018-08-28T20:13:43","modified_gmt":"2018-08-28T18:13:43","slug":"die-kleiderdiebin","status":"publish","type":"post","link":"https:\/\/www.libroart.de\/lindabroszeit\/2018\/08\/28\/die-kleiderdiebin\/","title":{"rendered":"Die Kleiderdiebin (Paris im August Nr. 2)"},"content":{"rendered":"<p>Heute eine Besprechung \u00fcber einen Roman, der in den 30er Jahren in Paris spielt. Eigentlich wollte ich vorher \u00fcber das Pariser Modemuseum schreiben, doch wird dieses momentan noch renoviert und erst 2019\/2020 wieder er\u00f6ffnet. Auch kamen wir nicht in die Ecke des Place Vend\u00f4me, wo sich Chanel, Dior &amp; Co tummeln und ich zum Buch passende Fotos h\u00e4tte machen k\u00f6nnen. So m\u00fcssen Sie mit diesem Foto vorlieb nehmen, immerhin &nbsp;mit Modepuppe und Schnittmustern!<\/p>\n<p><img loading=\"lazy\" decoding=\"async\" class=\"alignnone size-large wp-image-8962\" src=\"https:\/\/www.libroart.de\/lindabroszeit\/wp-content\/uploads\/2018\/08\/72DEEC9E-0954-493F-B8A3-F10A681BE547-1024x764.jpeg\" alt=\"\" width=\"840\" height=\"627\" srcset=\"https:\/\/www.libroart.de\/lindabroszeit\/wp-content\/uploads\/2018\/08\/72DEEC9E-0954-493F-B8A3-F10A681BE547-1024x764.jpeg 1024w, https:\/\/www.libroart.de\/lindabroszeit\/wp-content\/uploads\/2018\/08\/72DEEC9E-0954-493F-B8A3-F10A681BE547-300x224.jpeg 300w, https:\/\/www.libroart.de\/lindabroszeit\/wp-content\/uploads\/2018\/08\/72DEEC9E-0954-493F-B8A3-F10A681BE547-768x573.jpeg 768w, https:\/\/www.libroart.de\/lindabroszeit\/wp-content\/uploads\/2018\/08\/72DEEC9E-0954-493F-B8A3-F10A681BE547-1200x896.jpeg 1200w, https:\/\/www.libroart.de\/lindabroszeit\/wp-content\/uploads\/2018\/08\/72DEEC9E-0954-493F-B8A3-F10A681BE547.jpeg 1234w\" sizes=\"auto, (max-width: 709px) 85vw, (max-width: 909px) 67vw, (max-width: 1362px) 62vw, 840px\" \/><\/p>\n<p>Aber jetzt zum Buch:<\/p>\n<p><img loading=\"lazy\" decoding=\"async\" class=\"alignnone size-medium wp-image-8983\" src=\"https:\/\/www.libroart.de\/lindabroszeit\/wp-content\/uploads\/2018\/08\/73C810D4-A2E2-4241-BBC8-67ABB542CB4C-300x300.jpeg\" alt=\"\" width=\"300\" height=\"300\" srcset=\"https:\/\/www.libroart.de\/lindabroszeit\/wp-content\/uploads\/2018\/08\/73C810D4-A2E2-4241-BBC8-67ABB542CB4C-300x300.jpeg 300w, https:\/\/www.libroart.de\/lindabroszeit\/wp-content\/uploads\/2018\/08\/73C810D4-A2E2-4241-BBC8-67ABB542CB4C-150x150.jpeg 150w, https:\/\/www.libroart.de\/lindabroszeit\/wp-content\/uploads\/2018\/08\/73C810D4-A2E2-4241-BBC8-67ABB542CB4C-144x144.jpeg 144w, https:\/\/www.libroart.de\/lindabroszeit\/wp-content\/uploads\/2018\/08\/73C810D4-A2E2-4241-BBC8-67ABB542CB4C.jpeg 436w\" sizes=\"auto, (max-width: 300px) 85vw, 300px\" \/><\/p>\n<p>Alix, Angang 20, lebt zusammen mit ihrer Gro\u00dfmutter in Paris in sehr \u00e4rmlichen Verh\u00e4ltnissen. Sie l\u00e4sst sich von einem Freund, der ebenfalls Geldsorgen hat, \u00fcberreden, in dem ber\u00fchmten Modehaus, in dem sie als N\u00e4herin arbeitet, die Kleidermodelle der anstehenden Kollektion heimlich abzuzeichnen. Diese Zeichnungen bringen Geld ein, denn in den USA werden die Modelle kopiert und viel billiger in den L\u00e4den angeboten. Alix hat permanent Angst, entdeckt zu werden, zumal der ahnungslose Besitzer des Modehauses, Monsieur Janvier, sie f\u00f6rdert und sie zus\u00e4tzlich als Mannequin einsetzt. Um sich abzulenken, l\u00e4sst Alix sich auf eine \u00c4ff\u00e4re mit dem Nachtclubbesitzer Serge ein. Dieser hat keinen guten Einfluss auf die junge Frau, doch sie will auch ihre eigentliche Liebe zu dem Journalisten Verrain vergessen. Dieser ist vor Monaten spurlos verschwunden und es gibt kein Lebenszeichen. Und dann sind da auch noch die zwei \u00dcberf\u00e4lle auf sie und ihre Gro\u00dfmutter. Sie m\u00fcssen irgendetwas mit dem Gro\u00dfvater von Alix zu tun haben. Er war Maler im Elsass und soll angeblich von Zigeunern ermordet worden sein. Weder ihre Gro\u00dfmutter noch zwei Bekannte, die zur selben Zeit im Elsass gelebt haben, verraten Alix die Wahrheit.&nbsp;<\/p>\n<p>Dieser leichte Schm\u00f6ker (540 Seiten) bescherte mir Vorfreude auf unseren Parisaufenthalt.&nbsp;<\/p>\n<p>Morgen geht es dann endlich los mit neuen Besichtigungstipps.<\/p>\n","protected":false},"excerpt":{"rendered":"<p>Heute eine Besprechung \u00fcber einen Roman, der in den 30er Jahren in Paris spielt. Eigentlich wollte ich vorher \u00fcber das Pariser Modemuseum schreiben, doch wird dieses momentan noch renoviert und erst 2019\/2020 wieder er\u00f6ffnet. Auch kamen wir nicht in die Ecke des Place Vend\u00f4me, wo sich Chanel, Dior &amp; Co tummeln und ich zum Buch &hellip; <a href=\"https:\/\/www.libroart.de\/lindabroszeit\/2018\/08\/28\/die-kleiderdiebin\/\" class=\"more-link\"><span class=\"screen-reader-text\">\u201eDie Kleiderdiebin (Paris im August Nr. 2)\u201c<\/span> weiterlesen<\/a><\/p>\n","protected":false},"author":1,"featured_media":0,"comment_status":"open","ping_status":"open","sticky":false,"template":"","format":"standard","meta":{"ngg_post_thumbnail":0,"footnotes":""},"categories":[8],"tags":[183,169,592,9,42,435,238],"class_list":["post-8832","post","type-post","status-publish","format-standard","hentry","category-lieblingsbuecher","tag-buchbesprechung","tag-frankreich","tag-geschichte","tag-lesen","tag-mode","tag-paris","tag-spannung"],"aioseo_notices":[],"_links":{"self":[{"href":"https:\/\/www.libroart.de\/lindabroszeit\/wp-json\/wp\/v2\/posts\/8832","targetHints":{"allow":["GET"]}}],"collection":[{"href":"https:\/\/www.libroart.de\/lindabroszeit\/wp-json\/wp\/v2\/posts"}],"about":[{"href":"https:\/\/www.libroart.de\/lindabroszeit\/wp-json\/wp\/v2\/types\/post"}],"author":[{"embeddable":true,"href":"https:\/\/www.libroart.de\/lindabroszeit\/wp-json\/wp\/v2\/users\/1"}],"replies":[{"embeddable":true,"href":"https:\/\/www.libroart.de\/lindabroszeit\/wp-json\/wp\/v2\/comments?post=8832"}],"version-history":[{"count":9,"href":"https:\/\/www.libroart.de\/lindabroszeit\/wp-json\/wp\/v2\/posts\/8832\/revisions"}],"predecessor-version":[{"id":9044,"href":"https:\/\/www.libroart.de\/lindabroszeit\/wp-json\/wp\/v2\/posts\/8832\/revisions\/9044"}],"wp:attachment":[{"href":"https:\/\/www.libroart.de\/lindabroszeit\/wp-json\/wp\/v2\/media?parent=8832"}],"wp:term":[{"taxonomy":"category","embeddable":true,"href":"https:\/\/www.libroart.de\/lindabroszeit\/wp-json\/wp\/v2\/categories?post=8832"},{"taxonomy":"post_tag","embeddable":true,"href":"https:\/\/www.libroart.de\/lindabroszeit\/wp-json\/wp\/v2\/tags?post=8832"}],"curies":[{"name":"wp","href":"https:\/\/api.w.org\/{rel}","templated":true}]}}