{"id":7311,"date":"2018-03-20T01:08:46","date_gmt":"2018-03-20T00:08:46","guid":{"rendered":"http:\/\/www.libroart.de\/lindabroszeit\/?p=7311"},"modified":"2018-06-07T23:21:09","modified_gmt":"2018-06-07T21:21:09","slug":"geburtstag-am-weltglueckstag","status":"publish","type":"post","link":"https:\/\/www.libroart.de\/lindabroszeit\/2018\/03\/20\/geburtstag-am-weltglueckstag\/","title":{"rendered":"\u201eGeburtstag\u201c am Weltgl\u00fcckstag"},"content":{"rendered":"<p>Heute vor zwei Jahren fing ich an, diesen Blog zu schreiben. Vor ein paar Tagen erfuhr ich, dass heute auch der Weltgl\u00fcckstag gefeiert wird. Ein sch\u00f6ner Zufall. Dass ich mit meinen Beitr\u00e4gen Ihnen Gl\u00fccksgef\u00fchle vermittele, das zu glauben, w\u00e4re sehr vermessen, aber wenn ich Ihnen mit meiner Homepage ein bisschen angenehme Ablenkung biete, in dem ich Sie manchmal schmunzeln lasse, Sie neugierig mache oder Sie anrege, etwas auszuprobieren, dann w\u00fcrde mich das selbst schon gl\u00fccklich machen.<\/p>\n<p>So, jetzt mache ich mich wieder \u201ean die Arbeit\u201c und denke mir f\u00fcrs Wochenende ein neues R\u00e4tsel aus.<\/p>\n","protected":false},"excerpt":{"rendered":"<p>Heute vor zwei Jahren fing ich an, diesen Blog zu schreiben. Vor ein paar Tagen erfuhr ich, dass heute auch der Weltgl\u00fcckstag gefeiert wird. Ein sch\u00f6ner Zufall. Dass ich mit meinen Beitr\u00e4gen Ihnen Gl\u00fccksgef\u00fchle vermittele, das zu glauben, w\u00e4re sehr vermessen, aber wenn ich Ihnen mit meiner Homepage ein bisschen angenehme Ablenkung biete, in dem &hellip; <a href=\"https:\/\/www.libroart.de\/lindabroszeit\/2018\/03\/20\/geburtstag-am-weltglueckstag\/\" class=\"more-link\"><span class=\"screen-reader-text\">\u201e\u201eGeburtstag\u201c am Weltgl\u00fcckstag\u201c<\/span> weiterlesen<\/a><\/p>\n","protected":false},"author":1,"featured_media":0,"comment_status":"open","ping_status":"open","sticky":false,"template":"","format":"standard","meta":{"ngg_post_thumbnail":0,"footnotes":""},"categories":[1],"tags":[1102,1481,289,285],"class_list":["post-7311","post","type-post","status-publish","format-standard","hentry","category-allgemein","tag-blog","tag-demenz","tag-lebensfreude","tag-rente"],"aioseo_notices":[],"_links":{"self":[{"href":"https:\/\/www.libroart.de\/lindabroszeit\/wp-json\/wp\/v2\/posts\/7311","targetHints":{"allow":["GET"]}}],"collection":[{"href":"https:\/\/www.libroart.de\/lindabroszeit\/wp-json\/wp\/v2\/posts"}],"about":[{"href":"https:\/\/www.libroart.de\/lindabroszeit\/wp-json\/wp\/v2\/types\/post"}],"author":[{"embeddable":true,"href":"https:\/\/www.libroart.de\/lindabroszeit\/wp-json\/wp\/v2\/users\/1"}],"replies":[{"embeddable":true,"href":"https:\/\/www.libroart.de\/lindabroszeit\/wp-json\/wp\/v2\/comments?post=7311"}],"version-history":[{"count":4,"href":"https:\/\/www.libroart.de\/lindabroszeit\/wp-json\/wp\/v2\/posts\/7311\/revisions"}],"predecessor-version":[{"id":8128,"href":"https:\/\/www.libroart.de\/lindabroszeit\/wp-json\/wp\/v2\/posts\/7311\/revisions\/8128"}],"wp:attachment":[{"href":"https:\/\/www.libroart.de\/lindabroszeit\/wp-json\/wp\/v2\/media?parent=7311"}],"wp:term":[{"taxonomy":"category","embeddable":true,"href":"https:\/\/www.libroart.de\/lindabroszeit\/wp-json\/wp\/v2\/categories?post=7311"},{"taxonomy":"post_tag","embeddable":true,"href":"https:\/\/www.libroart.de\/lindabroszeit\/wp-json\/wp\/v2\/tags?post=7311"}],"curies":[{"name":"wp","href":"https:\/\/api.w.org\/{rel}","templated":true}]}}