{"id":5294,"date":"2017-08-31T01:12:08","date_gmt":"2017-08-30T23:12:08","guid":{"rendered":"http:\/\/www.libroart.de\/lindabroszeit\/?p=5294"},"modified":"2017-08-28T23:23:09","modified_gmt":"2017-08-28T21:23:09","slug":"wer-faehrt-noch-an-die-mosel","status":"publish","type":"post","link":"https:\/\/www.libroart.de\/lindabroszeit\/2017\/08\/31\/wer-faehrt-noch-an-die-mosel\/","title":{"rendered":"Wer f\u00e4hrt noch an die Mosel?"},"content":{"rendered":"<p><img loading=\"lazy\" decoding=\"async\" class=\"alignnone size-large wp-image-5295\" src=\"http:\/\/www.libroart.de\/lindabroszeit\/wp-content\/uploads\/2017\/08\/IMG_9487-e1503954812181-1024x768.jpg\" alt=\"\" width=\"840\" height=\"630\" srcset=\"https:\/\/www.libroart.de\/lindabroszeit\/wp-content\/uploads\/2017\/08\/IMG_9487-e1503954812181-1024x768.jpg 1024w, https:\/\/www.libroart.de\/lindabroszeit\/wp-content\/uploads\/2017\/08\/IMG_9487-e1503954812181-300x225.jpg 300w, https:\/\/www.libroart.de\/lindabroszeit\/wp-content\/uploads\/2017\/08\/IMG_9487-e1503954812181-768x576.jpg 768w, https:\/\/www.libroart.de\/lindabroszeit\/wp-content\/uploads\/2017\/08\/IMG_9487-e1503954812181-600x450.jpg 600w, https:\/\/www.libroart.de\/lindabroszeit\/wp-content\/uploads\/2017\/08\/IMG_9487-e1503954812181-1200x900.jpg 1200w, https:\/\/www.libroart.de\/lindabroszeit\/wp-content\/uploads\/2017\/08\/IMG_9487-e1503954812181.jpg 1234w\" sizes=\"auto, (max-width: 709px) 85vw, (max-width: 909px) 67vw, (max-width: 1362px) 62vw, 840px\" \/><\/p>\n<p>Man kann ja \u00fcber diesen Sommer denken, was man will, aber die Kaldenhauser Weinlese ist 2017 ausgesprochen gut. Dies w\u00fcrde ein leckeres Rotweintr\u00f6pfchen, wenn das Naschen der Trauben nicht so hmmmmm w\u00e4re&#8230;<\/p>\n","protected":false},"excerpt":{"rendered":"<p>Man kann ja \u00fcber diesen Sommer denken, was man will, aber die Kaldenhauser Weinlese ist 2017 ausgesprochen gut. Dies w\u00fcrde ein leckeres Rotweintr\u00f6pfchen, wenn das Naschen der Trauben nicht so hmmmmm w\u00e4re&#8230;<\/p>\n","protected":false},"author":1,"featured_media":0,"comment_status":"open","ping_status":"open","sticky":false,"template":"","format":"standard","meta":{"ngg_post_thumbnail":0,"footnotes":""},"categories":[3],"tags":[732,538,1313],"class_list":["post-5294","post","type-post","status-publish","format-standard","hentry","category-mein-garten","tag-herbst","tag-wein","tag-weintrauben"],"aioseo_notices":[],"_links":{"self":[{"href":"https:\/\/www.libroart.de\/lindabroszeit\/wp-json\/wp\/v2\/posts\/5294","targetHints":{"allow":["GET"]}}],"collection":[{"href":"https:\/\/www.libroart.de\/lindabroszeit\/wp-json\/wp\/v2\/posts"}],"about":[{"href":"https:\/\/www.libroart.de\/lindabroszeit\/wp-json\/wp\/v2\/types\/post"}],"author":[{"embeddable":true,"href":"https:\/\/www.libroart.de\/lindabroszeit\/wp-json\/wp\/v2\/users\/1"}],"replies":[{"embeddable":true,"href":"https:\/\/www.libroart.de\/lindabroszeit\/wp-json\/wp\/v2\/comments?post=5294"}],"version-history":[{"count":3,"href":"https:\/\/www.libroart.de\/lindabroszeit\/wp-json\/wp\/v2\/posts\/5294\/revisions"}],"predecessor-version":[{"id":5298,"href":"https:\/\/www.libroart.de\/lindabroszeit\/wp-json\/wp\/v2\/posts\/5294\/revisions\/5298"}],"wp:attachment":[{"href":"https:\/\/www.libroart.de\/lindabroszeit\/wp-json\/wp\/v2\/media?parent=5294"}],"wp:term":[{"taxonomy":"category","embeddable":true,"href":"https:\/\/www.libroart.de\/lindabroszeit\/wp-json\/wp\/v2\/categories?post=5294"},{"taxonomy":"post_tag","embeddable":true,"href":"https:\/\/www.libroart.de\/lindabroszeit\/wp-json\/wp\/v2\/tags?post=5294"}],"curies":[{"name":"wp","href":"https:\/\/api.w.org\/{rel}","templated":true}]}}