{"id":5090,"date":"2017-08-23T01:24:44","date_gmt":"2017-08-22T23:24:44","guid":{"rendered":"http:\/\/www.libroart.de\/lindabroszeit\/?p=5090"},"modified":"2017-08-08T11:23:24","modified_gmt":"2017-08-08T09:23:24","slug":"philosophen-auf-der-strasse","status":"publish","type":"post","link":"https:\/\/www.libroart.de\/lindabroszeit\/2017\/08\/23\/philosophen-auf-der-strasse\/","title":{"rendered":"Philosophen auf der Stra\u00dfe"},"content":{"rendered":"<p>Dieses Buch kaufte ich mir, nachdem ich eine F\u00fchrung in D\u00fcsseldorf mitgemacht hatte. Das Thema war &#8222;Obdachlos sein in D\u00fcsseldorf&#8220; und wurde von zwei Obdachlosen durchgef\u00fchrt. (Siehe auch mein Blogeintrag vom 22.8.17)<\/p>\n<p><img loading=\"lazy\" decoding=\"async\" class=\"alignnone size-medium wp-image-5095\" src=\"http:\/\/www.libroart.de\/lindabroszeit\/wp-content\/uploads\/2017\/08\/1502183703791-300x300.jpeg\" alt=\"\" width=\"300\" height=\"300\" srcset=\"https:\/\/www.libroart.de\/lindabroszeit\/wp-content\/uploads\/2017\/08\/1502183703791-300x300.jpeg 300w, https:\/\/www.libroart.de\/lindabroszeit\/wp-content\/uploads\/2017\/08\/1502183703791-150x150.jpeg 150w, https:\/\/www.libroart.de\/lindabroszeit\/wp-content\/uploads\/2017\/08\/1502183703791-768x768.jpeg 768w, https:\/\/www.libroart.de\/lindabroszeit\/wp-content\/uploads\/2017\/08\/1502183703791-1024x1024.jpeg 1024w, https:\/\/www.libroart.de\/lindabroszeit\/wp-content\/uploads\/2017\/08\/1502183703791-600x600.jpeg 600w, https:\/\/www.libroart.de\/lindabroszeit\/wp-content\/uploads\/2017\/08\/1502183703791-144x144.jpeg 144w, https:\/\/www.libroart.de\/lindabroszeit\/wp-content\/uploads\/2017\/08\/1502183703791-1200x1200.jpeg 1200w, https:\/\/www.libroart.de\/lindabroszeit\/wp-content\/uploads\/2017\/08\/1502183703791.jpeg 1234w\" sizes=\"auto, (max-width: 300px) 85vw, 300px\" \/><\/p>\n<p>Der Autor war selbst mehrere Jahre lang obdachlos. Er kann sich in die Gef\u00fchle der anderen Obdachlosen hinein versetzen und Beziehungen aufbauen und schaffte es daher, Obdachlose zu ihrem Leben auf der Stra\u00dfe zu befragen. 25 Portr\u00e4ts, vorwiegend von M\u00e4nnern, sind in diesem Buch enthalten. Es gibt Kriminelle, die sich z.B. auf Empf\u00e4ngen einschleichen und dort essen und manchmal auch Scheckkarten mitnehmen. Es gibt Menschen auf der Stra\u00dfe, die in einer eigenen Welt leben, sei es in einem Star Trek Universum oder als Drehbuchschreiber f\u00fcr Sandra Bullock. Aber die meisten Interviewten gaben sehr klare, b\u00f6se, hochgradig zynische oder fast schon philosophische Antworten zu ihrem Leben. Und diese Interviews haben mich sehr nachdenklich gemacht und ber\u00fchrt. Wir Angepassten leben drinnen, Obdachlose leben drau\u00dfen. Manche der Befragten, von denen mehrere abgeschlossene Studieng\u00e4nge hatten, K\u00fcnstler oder Manager waren, wollen mit Drin, mit der heutigen Gesellschaft in Deutschland, aus verschiedenen Gr\u00fcnden nichts mehr zu tun haben. Sie verweigern sich, betteln nicht oder kommen auch nicht mehr unseren \u00fcblichen Vorstellungen von Sauberkeit nach. Dann gibt es Menschen, die immer mal wieder versuchen, nach drinnen zu kommen, doch fast immer scheitern sie. Der Weg zur\u00fcck ist so schwer, sei es, dass man sich an sein Leben auf der Stra\u00dfe gew\u00f6hnt hat und es einer gro\u00dfen Willensanstrengung bedarf, sich in der immer schneller sich \u00e4ndernden Welt drinnen zurechtzufinden, bzw. viele Obdachlose einfach auch Angst haben, etwas falsch zu machen.<\/p>\n<p>Der Autor schreibt im letzten Kapitel \u00fcber sein Leben. Er ist drinnen angekommen, doch es dauerte lange und ihm ist bewusst, dass er auch schnell wieder drau\u00dfen sein kann. Hat man einmal die Erfahrung gemacht, obdachlos zu sein, nimmt man im Leben nichts mehr als selbstverst\u00e4ndlich und wei\u00df, worauf es letztendlich im Leben ankommt.<\/p>\n","protected":false},"excerpt":{"rendered":"<p>Dieses Buch kaufte ich mir, nachdem ich eine F\u00fchrung in D\u00fcsseldorf mitgemacht hatte. Das Thema war &#8222;Obdachlos sein in D\u00fcsseldorf&#8220; und wurde von zwei Obdachlosen durchgef\u00fchrt. (Siehe auch mein Blogeintrag vom 22.8.17) Der Autor war selbst mehrere Jahre lang obdachlos. Er kann sich in die Gef\u00fchle der anderen Obdachlosen hinein versetzen und Beziehungen aufbauen und &hellip; <a href=\"https:\/\/www.libroart.de\/lindabroszeit\/2017\/08\/23\/philosophen-auf-der-strasse\/\" class=\"more-link\"><span class=\"screen-reader-text\">\u201ePhilosophen auf der Stra\u00dfe\u201c<\/span> weiterlesen<\/a><\/p>\n","protected":false},"author":1,"featured_media":0,"comment_status":"open","ping_status":"open","sticky":false,"template":"","format":"standard","meta":{"ngg_post_thumbnail":0,"footnotes":""},"categories":[16],"tags":[735,183,494,9,822],"class_list":["post-5090","post","type-post","status-publish","format-standard","hentry","category-sachbuecher","tag-armut","tag-buchbesprechung","tag-interviews","tag-lesen","tag-obdachlos"],"aioseo_notices":[],"_links":{"self":[{"href":"https:\/\/www.libroart.de\/lindabroszeit\/wp-json\/wp\/v2\/posts\/5090","targetHints":{"allow":["GET"]}}],"collection":[{"href":"https:\/\/www.libroart.de\/lindabroszeit\/wp-json\/wp\/v2\/posts"}],"about":[{"href":"https:\/\/www.libroart.de\/lindabroszeit\/wp-json\/wp\/v2\/types\/post"}],"author":[{"embeddable":true,"href":"https:\/\/www.libroart.de\/lindabroszeit\/wp-json\/wp\/v2\/users\/1"}],"replies":[{"embeddable":true,"href":"https:\/\/www.libroart.de\/lindabroszeit\/wp-json\/wp\/v2\/comments?post=5090"}],"version-history":[{"count":4,"href":"https:\/\/www.libroart.de\/lindabroszeit\/wp-json\/wp\/v2\/posts\/5090\/revisions"}],"predecessor-version":[{"id":5099,"href":"https:\/\/www.libroart.de\/lindabroszeit\/wp-json\/wp\/v2\/posts\/5090\/revisions\/5099"}],"wp:attachment":[{"href":"https:\/\/www.libroart.de\/lindabroszeit\/wp-json\/wp\/v2\/media?parent=5090"}],"wp:term":[{"taxonomy":"category","embeddable":true,"href":"https:\/\/www.libroart.de\/lindabroszeit\/wp-json\/wp\/v2\/categories?post=5090"},{"taxonomy":"post_tag","embeddable":true,"href":"https:\/\/www.libroart.de\/lindabroszeit\/wp-json\/wp\/v2\/tags?post=5090"}],"curies":[{"name":"wp","href":"https:\/\/api.w.org\/{rel}","templated":true}]}}