{"id":4111,"date":"2017-05-01T01:30:46","date_gmt":"2017-04-30T23:30:46","guid":{"rendered":"http:\/\/www.libroart.de\/lindabroszeit\/?p=4111"},"modified":"2017-04-25T21:17:35","modified_gmt":"2017-04-25T19:17:35","slug":"recycling","status":"publish","type":"post","link":"https:\/\/www.libroart.de\/lindabroszeit\/2017\/05\/01\/recycling\/","title":{"rendered":"Recycling"},"content":{"rendered":"<p><img loading=\"lazy\" decoding=\"async\" class=\"alignnone size-large wp-image-4171\" src=\"http:\/\/www.libroart.de\/lindabroszeit\/wp-content\/uploads\/2017\/05\/IMG_9123-462x1024.jpg\" alt=\"\" width=\"462\" height=\"1024\" srcset=\"https:\/\/www.libroart.de\/lindabroszeit\/wp-content\/uploads\/2017\/05\/IMG_9123-462x1024.jpg 462w, https:\/\/www.libroart.de\/lindabroszeit\/wp-content\/uploads\/2017\/05\/IMG_9123-135x300.jpg 135w, https:\/\/www.libroart.de\/lindabroszeit\/wp-content\/uploads\/2017\/05\/IMG_9123-768x1701.jpg 768w, https:\/\/www.libroart.de\/lindabroszeit\/wp-content\/uploads\/2017\/05\/IMG_9123-600x1329.jpg 600w, https:\/\/www.libroart.de\/lindabroszeit\/wp-content\/uploads\/2017\/05\/IMG_9123-1200x2657.jpg 1200w, https:\/\/www.libroart.de\/lindabroszeit\/wp-content\/uploads\/2017\/05\/IMG_9123.jpg 1024w\" sizes=\"auto, (max-width: 462px) 85vw, 462px\" \/><\/p>\n<p>Diese Art, Plastikflaschen umzugestalten, entdeckte ich letztes Jahr bei einem Spaziergang in einem K\u00fcchenfenster. Man hatte einen Minikr\u00e4utergarten angelegt und ich fand die Idee witzig. So bastelte ich mir auch ein paar &#8222;H\u00e4nget\u00f6pfe&#8220; und s\u00e4te vor ca. 3 Wochen in ihnen Kapuzinerkresse und Wicken aus. Beide Pflanzen k\u00f6nnen an den Bindf\u00e4den sch\u00f6n entlang ranken und ich plane, die Flaschen im Garten an den Pl\u00e4tzen aufh\u00e4ngen, wo es noch ein bisschen bunter sein darf. Wenn die ersten Bl\u00fcten kommen, zeige ich Ihnen das Ergebnis.<\/p>\n","protected":false},"excerpt":{"rendered":"<p>Diese Art, Plastikflaschen umzugestalten, entdeckte ich letztes Jahr bei einem Spaziergang in einem K\u00fcchenfenster. Man hatte einen Minikr\u00e4utergarten angelegt und ich fand die Idee witzig. So bastelte ich mir auch ein paar &#8222;H\u00e4nget\u00f6pfe&#8220; und s\u00e4te vor ca. 3 Wochen in ihnen Kapuzinerkresse und Wicken aus. Beide Pflanzen k\u00f6nnen an den Bindf\u00e4den sch\u00f6n entlang ranken und &hellip; <a href=\"https:\/\/www.libroart.de\/lindabroszeit\/2017\/05\/01\/recycling\/\" class=\"more-link\"><span class=\"screen-reader-text\">\u201eRecycling\u201c<\/span> weiterlesen<\/a><\/p>\n","protected":false},"author":1,"featured_media":0,"comment_status":"open","ping_status":"open","sticky":false,"template":"","format":"standard","meta":{"ngg_post_thumbnail":0,"footnotes":""},"categories":[3],"tags":[152,4,309,297],"class_list":["post-4111","post","type-post","status-publish","format-standard","hentry","category-mein-garten","tag-fruehling","tag-garten","tag-kreativitaet","tag-sommer"],"aioseo_notices":[],"_links":{"self":[{"href":"https:\/\/www.libroart.de\/lindabroszeit\/wp-json\/wp\/v2\/posts\/4111","targetHints":{"allow":["GET"]}}],"collection":[{"href":"https:\/\/www.libroart.de\/lindabroszeit\/wp-json\/wp\/v2\/posts"}],"about":[{"href":"https:\/\/www.libroart.de\/lindabroszeit\/wp-json\/wp\/v2\/types\/post"}],"author":[{"embeddable":true,"href":"https:\/\/www.libroart.de\/lindabroszeit\/wp-json\/wp\/v2\/users\/1"}],"replies":[{"embeddable":true,"href":"https:\/\/www.libroart.de\/lindabroszeit\/wp-json\/wp\/v2\/comments?post=4111"}],"version-history":[{"count":4,"href":"https:\/\/www.libroart.de\/lindabroszeit\/wp-json\/wp\/v2\/posts\/4111\/revisions"}],"predecessor-version":[{"id":4183,"href":"https:\/\/www.libroart.de\/lindabroszeit\/wp-json\/wp\/v2\/posts\/4111\/revisions\/4183"}],"wp:attachment":[{"href":"https:\/\/www.libroart.de\/lindabroszeit\/wp-json\/wp\/v2\/media?parent=4111"}],"wp:term":[{"taxonomy":"category","embeddable":true,"href":"https:\/\/www.libroart.de\/lindabroszeit\/wp-json\/wp\/v2\/categories?post=4111"},{"taxonomy":"post_tag","embeddable":true,"href":"https:\/\/www.libroart.de\/lindabroszeit\/wp-json\/wp\/v2\/tags?post=4111"}],"curies":[{"name":"wp","href":"https:\/\/api.w.org\/{rel}","templated":true}]}}