{"id":33074,"date":"2026-09-06T01:50:00","date_gmt":"2026-09-05T23:50:00","guid":{"rendered":"https:\/\/www.libroart.de\/lindabroszeit\/?p=33074"},"modified":"2026-09-05T04:37:35","modified_gmt":"2026-09-05T02:37:35","slug":"herr-wuest-erinnern-sie-sich-an-ihre-worte-zum-erhalt-des-waldes","status":"publish","type":"post","link":"https:\/\/www.libroart.de\/lindabroszeit\/2026\/09\/06\/herr-wuest-erinnern-sie-sich-an-ihre-worte-zum-erhalt-des-waldes\/","title":{"rendered":"Herr W\u00fcst, erinnern Sie sich an Ihre Worte zum Erhalt des Waldes?"},"content":{"rendered":"\n<p class=\"wp-block-paragraph\"><\/p>\n\n\n\n<p class=\"wp-block-paragraph\">2022 erkl\u00e4rte NRW Ministerpr\u00e4sident Hendrik W\u00fcst den Wald zum Klimasch\u00fctzer Nr. 1 und rief auf, unserer W\u00e4lder zu erhalten und zu st\u00e4rken.<br><\/p>\n\n\n\n<figure class=\"wp-block-image size-large\"><img loading=\"lazy\" decoding=\"async\" width=\"1024\" height=\"627\" src=\"https:\/\/www.libroart.de\/lindabroszeit\/wp-content\/uploads\/2026\/09\/IMG_3084-1024x627.jpeg\" alt=\"\" class=\"wp-image-33075\" srcset=\"https:\/\/www.libroart.de\/lindabroszeit\/wp-content\/uploads\/2026\/09\/IMG_3084-1024x627.jpeg 1024w, https:\/\/www.libroart.de\/lindabroszeit\/wp-content\/uploads\/2026\/09\/IMG_3084-300x184.jpeg 300w, https:\/\/www.libroart.de\/lindabroszeit\/wp-content\/uploads\/2026\/09\/IMG_3084-768x470.jpeg 768w, https:\/\/www.libroart.de\/lindabroszeit\/wp-content\/uploads\/2026\/09\/IMG_3084-1536x941.jpeg 1536w, https:\/\/www.libroart.de\/lindabroszeit\/wp-content\/uploads\/2026\/09\/IMG_3084.jpeg 1672w, https:\/\/www.libroart.de\/lindabroszeit\/wp-content\/uploads\/2026\/09\/IMG_3084-1200x735.jpeg 1200w\" sizes=\"auto, (max-width: 709px) 85vw, (max-width: 909px) 67vw, (max-width: 1362px) 62vw, 840px\" \/><figcaption class=\"wp-element-caption\">Screenshot<\/figcaption><\/figure>\n\n\n\n<p class=\"wp-block-paragraph\">Vielleicht haben Sie es schon in den Medien gelesen oder geh\u00f6rt, welche Baumrodungen in Duisburg geplant sind:<br><br>Eine Pipeline soll CO2 zur Nordsee transportieren, wo es am Meeresgrund verpresst werden soll (Was allerdings umstritten ist). Die Planung sieht vor, dass die Pipeline quer durch Duisburg gebaut werden soll, genauer gesagt durch das Naturschutzgebiet Rheinaue mit Seeadlern und St\u00f6rchen und durch den Stadtwald. Bis zu 17 ha Wald sollen gef\u00e4llt werden, darunter bis zu 200 Jahre alte B\u00e4ume. Letzte Woche (in den Sommerferien!) gab es eine \u201eInfoveranstaltung\u201c. Nun sammelt die Deutsche Waldjugend Unterschriften, damit eine walderhaltende Strecke f\u00fcr die Pipeline gew\u00e4hlt wird. (Diese Streckenalternativen gibt es). <br>Die Unterschriften werden an Landtagsabgeordnete \u00fcbergeben.<\/p>\n\n\n\n<p class=\"wp-block-paragraph\">Hier der Link zur Petition und weiteren Infos:&nbsp;<\/p>\n\n\n\n<p class=\"wp-block-paragraph\"><a href=\"https:\/\/linktr.ee\/Keine_Pipeline_im_Wald\">https:\/\/linktr.ee\/Keine_Pipeline_im_Wald<\/a><\/p>\n\n\n\n<p class=\"wp-block-paragraph\">Es d\u00fcrfen auch Nicht-Duisburger unterschreiben, bitte nur einmal, entweder online oder schriftlich.<br><br>M\u00f6chten Sie mehr \u00fcber die Deutsche Waldjugend wissen? Ich habe diese Verlinkung bewusst gew\u00e4hlt, um eventuelle Vorbehalte direkt zu entkr\u00e4ften. Wenn Sie unten weiterlesen, kommen Sie von dort aus auch zu der Startseite:<\/p>\n\n\n\n<figure class=\"wp-block-embed is-type-wp-embed is-provider-deutsche-waldjugend wp-block-embed-deutsche-waldjugend\"><div class=\"wp-block-embed__wrapper\">\n<blockquote class=\"wp-embedded-content\" data-secret=\"juDFirmFZW\"><a href=\"https:\/\/waldjugend.de\/aktiv-gegen-rechtsradikalismus-im-naturschutz\/\">Aktiv gegen Rechtsradikalismus im Naturschutz<\/a><\/blockquote><iframe loading=\"lazy\" class=\"wp-embedded-content\" sandbox=\"allow-scripts\" security=\"restricted\" style=\"position: absolute; visibility: hidden;\" title=\"\u201eAktiv gegen Rechtsradikalismus im Naturschutz\u201c \u2013 Deutsche Waldjugend\" src=\"https:\/\/waldjugend.de\/aktiv-gegen-rechtsradikalismus-im-naturschutz\/embed\/#?secret=OQlrIp558n#?secret=juDFirmFZW\" data-secret=\"juDFirmFZW\" width=\"600\" height=\"338\" frameborder=\"0\" marginwidth=\"0\" marginheight=\"0\" scrolling=\"no\"><\/iframe>\n<\/div><\/figure>\n\n\n\n<p class=\"wp-block-paragraph\"><\/p>\n\n\n\n<p class=\"wp-block-paragraph\"><\/p>\n\n\n\n<p class=\"wp-block-paragraph\"><\/p>\n\n\n\n<p class=\"wp-block-paragraph\"><\/p>\n\n\n\n<p class=\"wp-block-paragraph\"><\/p>\n\n\n\n<p class=\"wp-block-paragraph\"><\/p>\n\n\n\n<p class=\"wp-block-paragraph\"><\/p>\n\n\n\n<p class=\"wp-block-paragraph\"><\/p>\n\n\n\n<p class=\"wp-block-paragraph\"><\/p>\n\n\n\n<p class=\"wp-block-paragraph\"><\/p>\n\n\n\n<p class=\"wp-block-paragraph\"><\/p>\n\n\n\n<p class=\"wp-block-paragraph\"><\/p>\n","protected":false},"excerpt":{"rendered":"<p>2022 erkl\u00e4rte NRW Ministerpr\u00e4sident Hendrik W\u00fcst den Wald zum Klimasch\u00fctzer Nr. 1 und rief auf, unserer W\u00e4lder zu erhalten und zu st\u00e4rken. Vielleicht haben Sie es schon in den Medien gelesen oder geh\u00f6rt, welche Baumrodungen in Duisburg geplant sind: Eine Pipeline soll CO2 zur Nordsee transportieren, wo es am Meeresgrund verpresst werden soll (Was allerdings &hellip; <a href=\"https:\/\/www.libroart.de\/lindabroszeit\/2026\/09\/06\/herr-wuest-erinnern-sie-sich-an-ihre-worte-zum-erhalt-des-waldes\/\" class=\"more-link\"><span class=\"screen-reader-text\">\u201eHerr W\u00fcst, erinnern Sie sich an Ihre Worte zum Erhalt des Waldes?\u201c <\/span>weiterlesen<\/a><\/p>\n","protected":false},"author":1,"featured_media":0,"comment_status":"open","ping_status":"open","sticky":false,"template":"","format":"standard","meta":{"ngg_post_thumbnail":0,"footnotes":""},"categories":[1359,780],"tags":[885,4108,4109,1033],"class_list":["post-33074","post","type-post","status-publish","format-standard","hentry","category-duisburg-aus-meiner-sicht","category-filmempfehlungen","tag-baeume","tag-co2","tag-pipeline","tag-wald"],"aioseo_notices":[],"aioseo_head":"\n\t\t<!-- All in One SEO 5.0.1.1 - aioseo.com -->\n\t<meta name=\"description\" content=\"2022 erkl\u00e4rte NRW Ministerpr\u00e4sident Hendrik W\u00fcst den Wald zum Klimasch\u00fctzer Nr. 1 und rief auf, unserer W\u00e4lder zu erhalten und zu st\u00e4rken. Vielleicht haben Sie es schon in den Medien gelesen oder geh\u00f6rt, welche Baumrodungen in Duisburg geplant sind:Eine Pipeline soll CO2 zur Nordsee transportieren, wo es am Meeresgrund verpresst werden soll (Was allerdings umstritten\" \/>\n\t<meta name=\"robots\" content=\"max-image-preview:large\" \/>\n\t<meta name=\"author\" content=\"linda\"\/>\n\t<meta name=\"keywords\" content=\"b\u00e4ume,co2,pipeline,wald,duisburg aus meiner sicht,filmempfehlungen\" \/>\n\t<link rel=\"canonical\" href=\"https:\/\/www.libroart.de\/lindabroszeit\/2026\/09\/06\/herr-wuest-erinnern-sie-sich-an-ihre-worte-zum-erhalt-des-waldes\/\" \/>\n\t<meta name=\"generator\" content=\"All in One SEO (AIOSEO) 5.0.1.1\" \/>\n\t\t<meta property=\"og:locale\" content=\"de_DE\" \/>\n\t\t<meta property=\"og:site_name\" content=\"Linda Broszeit | Wer nicht neugierig bleibt, wird nur noch \u00e4lter (Marianne Frauchiger)\" \/>\n\t\t<meta property=\"og:type\" content=\"article\" \/>\n\t\t<meta property=\"og:title\" content=\"Herr W\u00fcst, erinnern Sie sich an Ihre Worte zum Erhalt des Waldes? | Linda Broszeit\" \/>\n\t\t<meta property=\"og:description\" content=\"2022 erkl\u00e4rte NRW Ministerpr\u00e4sident Hendrik W\u00fcst den Wald zum Klimasch\u00fctzer Nr. 1 und rief auf, unserer W\u00e4lder zu erhalten und zu st\u00e4rken. Vielleicht haben Sie es schon in den Medien gelesen oder geh\u00f6rt, welche Baumrodungen in Duisburg geplant sind:Eine Pipeline soll CO2 zur Nordsee transportieren, wo es am Meeresgrund verpresst werden soll (Was allerdings umstritten\" \/>\n\t\t<meta property=\"og:url\" content=\"https:\/\/www.libroart.de\/lindabroszeit\/2026\/09\/06\/herr-wuest-erinnern-sie-sich-an-ihre-worte-zum-erhalt-des-waldes\/\" \/>\n\t\t<meta property=\"article:published_time\" content=\"2026-09-05T23:50:00+00:00\" \/>\n\t\t<meta property=\"article:modified_time\" content=\"2026-09-05T02:37:35+00:00\" \/>\n\t\t<meta name=\"twitter:card\" content=\"summary\" \/>\n\t\t<meta name=\"twitter:title\" content=\"Herr W\u00fcst, erinnern Sie sich an Ihre Worte zum Erhalt des Waldes? | Linda Broszeit\" \/>\n\t\t<meta name=\"twitter:description\" content=\"2022 erkl\u00e4rte NRW Ministerpr\u00e4sident Hendrik W\u00fcst den Wald zum Klimasch\u00fctzer Nr. 1 und rief auf, unserer W\u00e4lder zu erhalten und zu st\u00e4rken. Vielleicht haben Sie es schon in den Medien gelesen oder geh\u00f6rt, welche Baumrodungen in Duisburg geplant sind:Eine Pipeline soll CO2 zur Nordsee transportieren, wo es am Meeresgrund verpresst werden soll (Was allerdings umstritten\" \/>\n\t\t<script type=\"application\/ld+json\" class=\"aioseo-schema\">\n\t\t\t{\"@context\":\"https:\\\/\\\/schema.org\",\"@graph\":[{\"@type\":\"Article\",\"@id\":\"https:\\\/\\\/www.libroart.de\\\/lindabroszeit\\\/2026\\\/09\\\/06\\\/herr-wuest-erinnern-sie-sich-an-ihre-worte-zum-erhalt-des-waldes\\\/#article\",\"name\":\"Herr W\\u00fcst, erinnern Sie sich an Ihre Worte zum Erhalt des Waldes? | Linda Broszeit\",\"headline\":\"Herr W\\u00fcst, erinnern Sie sich an Ihre Worte zum Erhalt des Waldes?\",\"author\":{\"@id\":\"https:\\\/\\\/www.libroart.de\\\/lindabroszeit\\\/author\\\/linda\\\/#author\"},\"publisher\":{\"@id\":\"https:\\\/\\\/www.libroart.de\\\/lindabroszeit\\\/#person\"},\"image\":{\"@type\":\"ImageObject\",\"url\":\"https:\\\/\\\/www.libroart.de\\\/lindabroszeit\\\/wp-content\\\/uploads\\\/2026\\\/09\\\/IMG_3084.jpeg\",\"@id\":\"https:\\\/\\\/www.libroart.de\\\/lindabroszeit\\\/2026\\\/09\\\/06\\\/herr-wuest-erinnern-sie-sich-an-ihre-worte-zum-erhalt-des-waldes\\\/#articleImage\",\"width\":1672,\"height\":1024,\"caption\":\"Screenshot\"},\"datePublished\":\"2026-09-06T01:50:00+02:00\",\"dateModified\":\"2026-09-05T04:37:35+02:00\",\"inLanguage\":\"de-DE\",\"mainEntityOfPage\":{\"@id\":\"https:\\\/\\\/www.libroart.de\\\/lindabroszeit\\\/2026\\\/09\\\/06\\\/herr-wuest-erinnern-sie-sich-an-ihre-worte-zum-erhalt-des-waldes\\\/#webpage\"},\"isPartOf\":{\"@id\":\"https:\\\/\\\/www.libroart.de\\\/lindabroszeit\\\/2026\\\/09\\\/06\\\/herr-wuest-erinnern-sie-sich-an-ihre-worte-zum-erhalt-des-waldes\\\/#webpage\"},\"articleSection\":\"Duisburg aus meiner Sicht, Filmempfehlungen, B\\u00e4ume, CO2, Pipeline, Wald\"},{\"@type\":\"BreadcrumbList\",\"@id\":\"https:\\\/\\\/www.libroart.de\\\/lindabroszeit\\\/2026\\\/09\\\/06\\\/herr-wuest-erinnern-sie-sich-an-ihre-worte-zum-erhalt-des-waldes\\\/#breadcrumblist\",\"itemListElement\":[{\"@type\":\"ListItem\",\"@id\":\"https:\\\/\\\/www.libroart.de\\\/lindabroszeit#listItem\",\"position\":1,\"name\":\"Home\",\"item\":\"https:\\\/\\\/www.libroart.de\\\/lindabroszeit\",\"nextItem\":{\"@type\":\"ListItem\",\"@id\":\"https:\\\/\\\/www.libroart.de\\\/lindabroszeit\\\/category\\\/lieblingsbuecher\\\/#listItem\",\"name\":\"Lesen + h\\u00f6ren + sehen\"}},{\"@type\":\"ListItem\",\"@id\":\"https:\\\/\\\/www.libroart.de\\\/lindabroszeit\\\/category\\\/lieblingsbuecher\\\/#listItem\",\"position\":2,\"name\":\"Lesen + h\\u00f6ren + sehen\",\"item\":\"https:\\\/\\\/www.libroart.de\\\/lindabroszeit\\\/category\\\/lieblingsbuecher\\\/\",\"nextItem\":{\"@type\":\"ListItem\",\"@id\":\"https:\\\/\\\/www.libroart.de\\\/lindabroszeit\\\/category\\\/lieblingsbuecher\\\/filmempfehlungen\\\/#listItem\",\"name\":\"Filmempfehlungen\"},\"previousItem\":{\"@type\":\"ListItem\",\"@id\":\"https:\\\/\\\/www.libroart.de\\\/lindabroszeit#listItem\",\"name\":\"Home\"}},{\"@type\":\"ListItem\",\"@id\":\"https:\\\/\\\/www.libroart.de\\\/lindabroszeit\\\/category\\\/lieblingsbuecher\\\/filmempfehlungen\\\/#listItem\",\"position\":3,\"name\":\"Filmempfehlungen\",\"item\":\"https:\\\/\\\/www.libroart.de\\\/lindabroszeit\\\/category\\\/lieblingsbuecher\\\/filmempfehlungen\\\/\",\"nextItem\":{\"@type\":\"ListItem\",\"@id\":\"https:\\\/\\\/www.libroart.de\\\/lindabroszeit\\\/2026\\\/09\\\/06\\\/herr-wuest-erinnern-sie-sich-an-ihre-worte-zum-erhalt-des-waldes\\\/#listItem\",\"name\":\"Herr W\\u00fcst, erinnern Sie sich an Ihre Worte zum Erhalt des Waldes?\"},\"previousItem\":{\"@type\":\"ListItem\",\"@id\":\"https:\\\/\\\/www.libroart.de\\\/lindabroszeit\\\/category\\\/lieblingsbuecher\\\/#listItem\",\"name\":\"Lesen + h\\u00f6ren + sehen\"}},{\"@type\":\"ListItem\",\"@id\":\"https:\\\/\\\/www.libroart.de\\\/lindabroszeit\\\/2026\\\/09\\\/06\\\/herr-wuest-erinnern-sie-sich-an-ihre-worte-zum-erhalt-des-waldes\\\/#listItem\",\"position\":4,\"name\":\"Herr W\\u00fcst, erinnern Sie sich an Ihre Worte zum Erhalt des Waldes?\",\"previousItem\":{\"@type\":\"ListItem\",\"@id\":\"https:\\\/\\\/www.libroart.de\\\/lindabroszeit\\\/category\\\/lieblingsbuecher\\\/filmempfehlungen\\\/#listItem\",\"name\":\"Filmempfehlungen\"}}]},{\"@type\":\"Person\",\"@id\":\"https:\\\/\\\/www.libroart.de\\\/lindabroszeit\\\/#person\",\"name\":\"linda\",\"image\":{\"@type\":\"ImageObject\",\"@id\":\"https:\\\/\\\/www.libroart.de\\\/lindabroszeit\\\/2026\\\/09\\\/06\\\/herr-wuest-erinnern-sie-sich-an-ihre-worte-zum-erhalt-des-waldes\\\/#personImage\",\"url\":\"https:\\\/\\\/secure.gravatar.com\\\/avatar\\\/8d0f2d903c12b96ff4577d46cfb0a797949775e68fe33dc41c3f43b58bf56266?s=96&d=mm&r=g\",\"width\":96,\"height\":96,\"caption\":\"linda\"}},{\"@type\":\"Person\",\"@id\":\"https:\\\/\\\/www.libroart.de\\\/lindabroszeit\\\/author\\\/linda\\\/#author\",\"url\":\"https:\\\/\\\/www.libroart.de\\\/lindabroszeit\\\/author\\\/linda\\\/\",\"name\":\"linda\",\"image\":{\"@type\":\"ImageObject\",\"@id\":\"https:\\\/\\\/www.libroart.de\\\/lindabroszeit\\\/2026\\\/09\\\/06\\\/herr-wuest-erinnern-sie-sich-an-ihre-worte-zum-erhalt-des-waldes\\\/#authorImage\",\"url\":\"https:\\\/\\\/secure.gravatar.com\\\/avatar\\\/8d0f2d903c12b96ff4577d46cfb0a797949775e68fe33dc41c3f43b58bf56266?s=96&d=mm&r=g\",\"width\":96,\"height\":96,\"caption\":\"linda\"}},{\"@type\":\"WebPage\",\"@id\":\"https:\\\/\\\/www.libroart.de\\\/lindabroszeit\\\/2026\\\/09\\\/06\\\/herr-wuest-erinnern-sie-sich-an-ihre-worte-zum-erhalt-des-waldes\\\/#webpage\",\"url\":\"https:\\\/\\\/www.libroart.de\\\/lindabroszeit\\\/2026\\\/09\\\/06\\\/herr-wuest-erinnern-sie-sich-an-ihre-worte-zum-erhalt-des-waldes\\\/\",\"name\":\"Herr W\\u00fcst, erinnern Sie sich an Ihre Worte zum Erhalt des Waldes? | Linda Broszeit\",\"description\":\"2022 erkl\\u00e4rte NRW Ministerpr\\u00e4sident Hendrik W\\u00fcst den Wald zum Klimasch\\u00fctzer Nr. 1 und rief auf, unserer W\\u00e4lder zu erhalten und zu st\\u00e4rken. Vielleicht haben Sie es schon in den Medien gelesen oder geh\\u00f6rt, welche Baumrodungen in Duisburg geplant sind:Eine Pipeline soll CO2 zur Nordsee transportieren, wo es am Meeresgrund verpresst werden soll (Was allerdings umstritten\",\"inLanguage\":\"de-DE\",\"isPartOf\":{\"@id\":\"https:\\\/\\\/www.libroart.de\\\/lindabroszeit\\\/#website\"},\"breadcrumb\":{\"@id\":\"https:\\\/\\\/www.libroart.de\\\/lindabroszeit\\\/2026\\\/09\\\/06\\\/herr-wuest-erinnern-sie-sich-an-ihre-worte-zum-erhalt-des-waldes\\\/#breadcrumblist\"},\"author\":{\"@id\":\"https:\\\/\\\/www.libroart.de\\\/lindabroszeit\\\/author\\\/linda\\\/#author\"},\"creator\":{\"@id\":\"https:\\\/\\\/www.libroart.de\\\/lindabroszeit\\\/author\\\/linda\\\/#author\"},\"datePublished\":\"2026-09-06T01:50:00+02:00\",\"dateModified\":\"2026-09-05T04:37:35+02:00\"},{\"@type\":\"WebSite\",\"@id\":\"https:\\\/\\\/www.libroart.de\\\/lindabroszeit\\\/#website\",\"url\":\"https:\\\/\\\/www.libroart.de\\\/lindabroszeit\\\/\",\"name\":\"Literatur, Musik, Umwelt, Kunst, Reise- Viele Ideen von Linda Broszeit\",\"alternateName\":\"Der Blog aus Duisburg\",\"description\":\"Wer nicht neugierig bleibt, wird nur noch \\u00e4lter (Marianne Frauchiger)\",\"inLanguage\":\"de-DE\",\"publisher\":{\"@id\":\"https:\\\/\\\/www.libroart.de\\\/lindabroszeit\\\/#person\"}}]}\n\t\t<\/script>\n\t\t<!-- All in One SEO -->\n\n","aioseo_head_json":{"title":"Herr W\u00fcst, erinnern Sie sich an Ihre Worte zum Erhalt des Waldes? | Linda Broszeit","description":"2022 erkl\u00e4rte NRW Ministerpr\u00e4sident Hendrik W\u00fcst den Wald zum Klimasch\u00fctzer Nr. 1 und rief auf, unserer W\u00e4lder zu erhalten und zu st\u00e4rken. Vielleicht haben Sie es schon in den Medien gelesen oder geh\u00f6rt, welche Baumrodungen in Duisburg geplant sind:Eine Pipeline soll CO2 zur Nordsee transportieren, wo es am Meeresgrund verpresst werden soll (Was allerdings umstritten","canonical_url":"https:\/\/www.libroart.de\/lindabroszeit\/2026\/09\/06\/herr-wuest-erinnern-sie-sich-an-ihre-worte-zum-erhalt-des-waldes\/","robots":"max-image-preview:large","keywords":"b\u00e4ume,co2,pipeline,wald,duisburg aus meiner sicht,filmempfehlungen","webmasterTools":{"miscellaneous":""},"schema":{"@context":"https:\/\/schema.org","@graph":[{"@type":"Article","@id":"https:\/\/www.libroart.de\/lindabroszeit\/2026\/09\/06\/herr-wuest-erinnern-sie-sich-an-ihre-worte-zum-erhalt-des-waldes\/#article","name":"Herr W\u00fcst, erinnern Sie sich an Ihre Worte zum Erhalt des Waldes? | Linda Broszeit","headline":"Herr W\u00fcst, erinnern Sie sich an Ihre Worte zum Erhalt des Waldes?","author":{"@id":"https:\/\/www.libroart.de\/lindabroszeit\/author\/linda\/#author"},"publisher":{"@id":"https:\/\/www.libroart.de\/lindabroszeit\/#person"},"image":{"@type":"ImageObject","url":"https:\/\/www.libroart.de\/lindabroszeit\/wp-content\/uploads\/2026\/09\/IMG_3084.jpeg","@id":"https:\/\/www.libroart.de\/lindabroszeit\/2026\/09\/06\/herr-wuest-erinnern-sie-sich-an-ihre-worte-zum-erhalt-des-waldes\/#articleImage","width":1672,"height":1024,"caption":"Screenshot"},"datePublished":"2026-09-06T01:50:00+02:00","dateModified":"2026-09-05T04:37:35+02:00","inLanguage":"de-DE","mainEntityOfPage":{"@id":"https:\/\/www.libroart.de\/lindabroszeit\/2026\/09\/06\/herr-wuest-erinnern-sie-sich-an-ihre-worte-zum-erhalt-des-waldes\/#webpage"},"isPartOf":{"@id":"https:\/\/www.libroart.de\/lindabroszeit\/2026\/09\/06\/herr-wuest-erinnern-sie-sich-an-ihre-worte-zum-erhalt-des-waldes\/#webpage"},"articleSection":"Duisburg aus meiner Sicht, Filmempfehlungen, B\u00e4ume, CO2, Pipeline, Wald"},{"@type":"BreadcrumbList","@id":"https:\/\/www.libroart.de\/lindabroszeit\/2026\/09\/06\/herr-wuest-erinnern-sie-sich-an-ihre-worte-zum-erhalt-des-waldes\/#breadcrumblist","itemListElement":[{"@type":"ListItem","@id":"https:\/\/www.libroart.de\/lindabroszeit#listItem","position":1,"name":"Home","item":"https:\/\/www.libroart.de\/lindabroszeit","nextItem":{"@type":"ListItem","@id":"https:\/\/www.libroart.de\/lindabroszeit\/category\/lieblingsbuecher\/#listItem","name":"Lesen + h\u00f6ren + sehen"}},{"@type":"ListItem","@id":"https:\/\/www.libroart.de\/lindabroszeit\/category\/lieblingsbuecher\/#listItem","position":2,"name":"Lesen + h\u00f6ren + sehen","item":"https:\/\/www.libroart.de\/lindabroszeit\/category\/lieblingsbuecher\/","nextItem":{"@type":"ListItem","@id":"https:\/\/www.libroart.de\/lindabroszeit\/category\/lieblingsbuecher\/filmempfehlungen\/#listItem","name":"Filmempfehlungen"},"previousItem":{"@type":"ListItem","@id":"https:\/\/www.libroart.de\/lindabroszeit#listItem","name":"Home"}},{"@type":"ListItem","@id":"https:\/\/www.libroart.de\/lindabroszeit\/category\/lieblingsbuecher\/filmempfehlungen\/#listItem","position":3,"name":"Filmempfehlungen","item":"https:\/\/www.libroart.de\/lindabroszeit\/category\/lieblingsbuecher\/filmempfehlungen\/","nextItem":{"@type":"ListItem","@id":"https:\/\/www.libroart.de\/lindabroszeit\/2026\/09\/06\/herr-wuest-erinnern-sie-sich-an-ihre-worte-zum-erhalt-des-waldes\/#listItem","name":"Herr W\u00fcst, erinnern Sie sich an Ihre Worte zum Erhalt des Waldes?"},"previousItem":{"@type":"ListItem","@id":"https:\/\/www.libroart.de\/lindabroszeit\/category\/lieblingsbuecher\/#listItem","name":"Lesen + h\u00f6ren + sehen"}},{"@type":"ListItem","@id":"https:\/\/www.libroart.de\/lindabroszeit\/2026\/09\/06\/herr-wuest-erinnern-sie-sich-an-ihre-worte-zum-erhalt-des-waldes\/#listItem","position":4,"name":"Herr W\u00fcst, erinnern Sie sich an Ihre Worte zum Erhalt des Waldes?","previousItem":{"@type":"ListItem","@id":"https:\/\/www.libroart.de\/lindabroszeit\/category\/lieblingsbuecher\/filmempfehlungen\/#listItem","name":"Filmempfehlungen"}}]},{"@type":"Person","@id":"https:\/\/www.libroart.de\/lindabroszeit\/#person","name":"linda","image":{"@type":"ImageObject","@id":"https:\/\/www.libroart.de\/lindabroszeit\/2026\/09\/06\/herr-wuest-erinnern-sie-sich-an-ihre-worte-zum-erhalt-des-waldes\/#personImage","url":"https:\/\/secure.gravatar.com\/avatar\/8d0f2d903c12b96ff4577d46cfb0a797949775e68fe33dc41c3f43b58bf56266?s=96&d=mm&r=g","width":96,"height":96,"caption":"linda"}},{"@type":"Person","@id":"https:\/\/www.libroart.de\/lindabroszeit\/author\/linda\/#author","url":"https:\/\/www.libroart.de\/lindabroszeit\/author\/linda\/","name":"linda","image":{"@type":"ImageObject","@id":"https:\/\/www.libroart.de\/lindabroszeit\/2026\/09\/06\/herr-wuest-erinnern-sie-sich-an-ihre-worte-zum-erhalt-des-waldes\/#authorImage","url":"https:\/\/secure.gravatar.com\/avatar\/8d0f2d903c12b96ff4577d46cfb0a797949775e68fe33dc41c3f43b58bf56266?s=96&d=mm&r=g","width":96,"height":96,"caption":"linda"}},{"@type":"WebPage","@id":"https:\/\/www.libroart.de\/lindabroszeit\/2026\/09\/06\/herr-wuest-erinnern-sie-sich-an-ihre-worte-zum-erhalt-des-waldes\/#webpage","url":"https:\/\/www.libroart.de\/lindabroszeit\/2026\/09\/06\/herr-wuest-erinnern-sie-sich-an-ihre-worte-zum-erhalt-des-waldes\/","name":"Herr W\u00fcst, erinnern Sie sich an Ihre Worte zum Erhalt des Waldes? | Linda Broszeit","description":"2022 erkl\u00e4rte NRW Ministerpr\u00e4sident Hendrik W\u00fcst den Wald zum Klimasch\u00fctzer Nr. 1 und rief auf, unserer W\u00e4lder zu erhalten und zu st\u00e4rken. Vielleicht haben Sie es schon in den Medien gelesen oder geh\u00f6rt, welche Baumrodungen in Duisburg geplant sind:Eine Pipeline soll CO2 zur Nordsee transportieren, wo es am Meeresgrund verpresst werden soll (Was allerdings umstritten","inLanguage":"de-DE","isPartOf":{"@id":"https:\/\/www.libroart.de\/lindabroszeit\/#website"},"breadcrumb":{"@id":"https:\/\/www.libroart.de\/lindabroszeit\/2026\/09\/06\/herr-wuest-erinnern-sie-sich-an-ihre-worte-zum-erhalt-des-waldes\/#breadcrumblist"},"author":{"@id":"https:\/\/www.libroart.de\/lindabroszeit\/author\/linda\/#author"},"creator":{"@id":"https:\/\/www.libroart.de\/lindabroszeit\/author\/linda\/#author"},"datePublished":"2026-09-06T01:50:00+02:00","dateModified":"2026-09-05T04:37:35+02:00"},{"@type":"WebSite","@id":"https:\/\/www.libroart.de\/lindabroszeit\/#website","url":"https:\/\/www.libroart.de\/lindabroszeit\/","name":"Literatur, Musik, Umwelt, Kunst, Reise- Viele Ideen von Linda Broszeit","alternateName":"Der Blog aus Duisburg","description":"Wer nicht neugierig bleibt, wird nur noch \u00e4lter (Marianne Frauchiger)","inLanguage":"de-DE","publisher":{"@id":"https:\/\/www.libroart.de\/lindabroszeit\/#person"}}]},"og:locale":"de_DE","og:site_name":"Linda Broszeit | Wer nicht neugierig bleibt, wird nur noch \u00e4lter (Marianne Frauchiger)","og:type":"article","og:title":"Herr W\u00fcst, erinnern Sie sich an Ihre Worte zum Erhalt des Waldes? | Linda Broszeit","og:description":"2022 erkl\u00e4rte NRW Ministerpr\u00e4sident Hendrik W\u00fcst den Wald zum Klimasch\u00fctzer Nr. 1 und rief auf, unserer W\u00e4lder zu erhalten und zu st\u00e4rken. Vielleicht haben Sie es schon in den Medien gelesen oder geh\u00f6rt, welche Baumrodungen in Duisburg geplant sind:Eine Pipeline soll CO2 zur Nordsee transportieren, wo es am Meeresgrund verpresst werden soll (Was allerdings umstritten","og:url":"https:\/\/www.libroart.de\/lindabroszeit\/2026\/09\/06\/herr-wuest-erinnern-sie-sich-an-ihre-worte-zum-erhalt-des-waldes\/","article:published_time":"2026-09-05T23:50:00+00:00","article:modified_time":"2026-09-05T02:37:35+00:00","twitter:card":"summary","twitter:title":"Herr W\u00fcst, erinnern Sie sich an Ihre Worte zum Erhalt des Waldes? | Linda Broszeit","twitter:description":"2022 erkl\u00e4rte NRW Ministerpr\u00e4sident Hendrik W\u00fcst den Wald zum Klimasch\u00fctzer Nr. 1 und rief auf, unserer W\u00e4lder zu erhalten und zu st\u00e4rken. Vielleicht haben Sie es schon in den Medien gelesen oder geh\u00f6rt, welche Baumrodungen in Duisburg geplant sind:Eine Pipeline soll CO2 zur Nordsee transportieren, wo es am Meeresgrund verpresst werden soll (Was allerdings umstritten"},"aioseo_meta_data":{"post_id":"33074","title":null,"description":null,"keywords":null,"keyphrases":{"focus":{"keyphrase":"Duisburg,Wald,Abholzung,Pipeline,CO2,Seeadler,Rheinaue,Stadtwald,WaldjugendmW\u00fcst,Hendrik,Erhalt,Klima,Klimaschutz,Aufforstung,Hitze,Klimawandel,St\u00f6rche,Blog,Linda,Broszeit,Baumschutzordnung,Baumschutz","score":0,"analysis":[]},"additional":[]},"primary_term":null,"canonical_url":null,"og_title":null,"og_description":null,"og_object_type":"default","og_image_type":"default","og_image_url":null,"og_image_width":null,"og_image_height":null,"og_image_custom_url":null,"og_image_custom_fields":null,"og_video":"","og_custom_url":null,"og_article_section":null,"og_article_tags":null,"twitter_use_og":false,"twitter_card":"default","twitter_image_type":"default","twitter_image_url":null,"twitter_image_custom_url":null,"twitter_image_custom_fields":null,"twitter_title":null,"twitter_description":null,"schema":{"blockGraphs":[],"customGraphs":[],"default":{"data":{"Article":[],"Course":[],"Dataset":[],"FAQPage":[],"Movie":[],"Person":[],"Product":[],"ProductReview":[],"Car":[],"Recipe":[],"Service":[],"SoftwareApplication":[],"WebPage":[]},"graphName":"Article","isEnabled":true},"graphs":[]},"schema_type":"default","schema_type_options":null,"pillar_content":false,"robots_default":true,"robots_noindex":false,"robots_noarchive":false,"robots_nosnippet":false,"robots_nofollow":false,"robots_noimageindex":false,"robots_noodp":false,"robots_notranslate":false,"robots_max_snippet":"-1","robots_max_videopreview":"-1","robots_max_imagepreview":"large","priority":null,"frequency":"default","local_seo":null,"breadcrumb_settings":null,"limit_modified_date":false,"ai":{"faqs":[],"keyPoints":[],"schemas":[],"titles":[],"descriptions":[],"socialPosts":{"email":{"subject":"","preview":"","content":""},"linkedin":[],"twitter":[],"facebook":[],"instagram":[]}},"created":"2026-09-05 01:50:07","updated":"2026-09-05 23:50:54","seo_analyzer_scan_date":null,"focus_keyword":"Duisburg,Wald,Abholzung,Pipeline,CO2,Seeadler,Rheinaue,Stadtwald,WaldjugendmW\u00fcst,Hendrik,Erhalt,Klima,Klimaschutz,Aufforstung,Hitze,Klimawandel,St\u00f6rche,Blog,Linda,Broszeit,Baumschutzordnung,Baumschutz","additional_keywords":null,"truseo_locale":null},"_links":{"self":[{"href":"https:\/\/www.libroart.de\/lindabroszeit\/wp-json\/wp\/v2\/posts\/33074","targetHints":{"allow":["GET"]}}],"collection":[{"href":"https:\/\/www.libroart.de\/lindabroszeit\/wp-json\/wp\/v2\/posts"}],"about":[{"href":"https:\/\/www.libroart.de\/lindabroszeit\/wp-json\/wp\/v2\/types\/post"}],"author":[{"embeddable":true,"href":"https:\/\/www.libroart.de\/lindabroszeit\/wp-json\/wp\/v2\/users\/1"}],"replies":[{"embeddable":true,"href":"https:\/\/www.libroart.de\/lindabroszeit\/wp-json\/wp\/v2\/comments?post=33074"}],"version-history":[{"count":7,"href":"https:\/\/www.libroart.de\/lindabroszeit\/wp-json\/wp\/v2\/posts\/33074\/revisions"}],"predecessor-version":[{"id":33089,"href":"https:\/\/www.libroart.de\/lindabroszeit\/wp-json\/wp\/v2\/posts\/33074\/revisions\/33089"}],"wp:attachment":[{"href":"https:\/\/www.libroart.de\/lindabroszeit\/wp-json\/wp\/v2\/media?parent=33074"}],"wp:term":[{"taxonomy":"category","embeddable":true,"href":"https:\/\/www.libroart.de\/lindabroszeit\/wp-json\/wp\/v2\/categories?post=33074"},{"taxonomy":"post_tag","embeddable":true,"href":"https:\/\/www.libroart.de\/lindabroszeit\/wp-json\/wp\/v2\/tags?post=33074"}],"curies":[{"name":"wp","href":"https:\/\/api.w.org\/{rel}","templated":true}]}}