{"id":32939,"date":"2026-09-01T01:39:00","date_gmt":"2026-08-31T23:39:00","guid":{"rendered":"https:\/\/www.libroart.de\/lindabroszeit\/?p=32939"},"modified":"2026-08-30T05:25:41","modified_gmt":"2026-08-30T03:25:41","slug":"sind-sie-ein-bisschen-neidisch-auf-mich","status":"publish","type":"post","link":"https:\/\/www.libroart.de\/lindabroszeit\/2026\/09\/01\/sind-sie-ein-bisschen-neidisch-auf-mich\/","title":{"rendered":"Meine Duisburger Vorfreude im September"},"content":{"rendered":"\n<p class=\"wp-block-paragraph\">In den letzte Monaten hat es sich so ergeben, dass ich montags und donnerstags einen neuen Beitrag in meinem Blog ver\u00f6ffentlicht habe. Diese Regelm\u00e4\u00dfigkeit wird im September voraussichtlich unterbrochen werden, da in diesem Monat mein Augenmerk auf meiner Arbeit liegt.<br>Ich arbeite mehrere Tage pro Monat in der Duisburger Buchhandlung Scheuermann. Wer in Duisburg oder den anliegenden St\u00e4dten wohnt, hat durch Zeitungs- oder Fernsehbeitr\u00e4ge in den letzten Monaten u.U. mitbekommen, dass die Buchhandlung wegziehen wird, da die Situation auf der Einkaufsstra\u00dfe \u201eSonnenwall\u201c sich in den letzten f\u00fcnf Jahren zunehmend verschlechtert hat. Ich bin darauf in meinem Blog kaum eingegangen, da in den Medienbeitr\u00e4gen dazu schon alles geschrieben, bzw. gesagt wurde. Stattdessen m\u00f6chte ich Sie lieber mit an den neuen Standort nehmen. Hier werde ich ab dem 12. September arbeiten:<\/p>\n\n\n\n<figure class=\"wp-block-image size-large is-resized\"><img loading=\"lazy\" decoding=\"async\" width=\"1024\" height=\"1024\" src=\"https:\/\/www.libroart.de\/lindabroszeit\/wp-content\/uploads\/2026\/09\/0949130F-3CFD-424B-819F-860A47ED7EF9-1024x1024.jpeg\" alt=\"\" class=\"wp-image-32947\" style=\"width:590px;height:auto\" srcset=\"https:\/\/www.libroart.de\/lindabroszeit\/wp-content\/uploads\/2026\/09\/0949130F-3CFD-424B-819F-860A47ED7EF9.jpeg 1024w, https:\/\/www.libroart.de\/lindabroszeit\/wp-content\/uploads\/2026\/09\/0949130F-3CFD-424B-819F-860A47ED7EF9-300x300.jpeg 300w, https:\/\/www.libroart.de\/lindabroszeit\/wp-content\/uploads\/2026\/09\/0949130F-3CFD-424B-819F-860A47ED7EF9-150x150.jpeg 150w, https:\/\/www.libroart.de\/lindabroszeit\/wp-content\/uploads\/2026\/09\/0949130F-3CFD-424B-819F-860A47ED7EF9-768x768.jpeg 768w, https:\/\/www.libroart.de\/lindabroszeit\/wp-content\/uploads\/2026\/09\/0949130F-3CFD-424B-819F-860A47ED7EF9-144x144.jpeg 144w, https:\/\/www.libroart.de\/lindabroszeit\/wp-content\/uploads\/2026\/09\/0949130F-3CFD-424B-819F-860A47ED7EF9-120x120.jpeg 120w\" sizes=\"auto, (max-width: 709px) 85vw, (max-width: 909px) 67vw, (max-width: 1362px) 62vw, 840px\" \/><figcaption class=\"wp-element-caption\">Oben links: Der Anleger der \u201eWei\u00dfen Flotte\u201c, daneben Spaziergang an der Stadtmauer, rechts Herbststimmung beim Archivturm des \u201eLandesarchiv NRW\u201c<br>Mitte: Ein anderer Blick auf den Hafen<br>Unten: Links: Turmspitze vom Rathaus, daneben: ein weiterer Blick auf das Landesarchiv, rechts die Seilscheibe von Schacht V in Duisburg-Walsum. Sie steht auf dem Flachsmarkt.<\/figcaption><\/figure>\n\n\n\n<p class=\"wp-block-paragraph\"><br>\u201cFlachsmarkt Nr. 12\u201c ist die neue Adresse und hier kann man in Duisburg tats\u00e4chlich ein bisschen Urlaubs- oder zumindest Entspannungsgef\u00fchle bekommen. Und das nicht nur wegen der N\u00e4he zum Wasser und zu den Gr\u00fcnfl\u00e4chen.<br>Meine Kolleginnen und ich trafen uns am letzten Freitag vor der neuen Buchhandlung zu einem abendliche Pizzaessen um 18.30 Uhr. Zuerst haben wir gegessen und erz\u00e4hlt\u2026<\/p>\n\n\n<div class=\"wp-block-image\">\n<figure class=\"aligncenter size-large is-resized\"><img loading=\"lazy\" decoding=\"async\" width=\"1024\" height=\"666\" src=\"https:\/\/www.libroart.de\/lindabroszeit\/wp-content\/uploads\/2026\/09\/IMG_3041-1024x666.jpeg\" alt=\"\" class=\"wp-image-32945\" style=\"aspect-ratio:1.5375815124127674;width:426px;height:auto\" srcset=\"https:\/\/www.libroart.de\/lindabroszeit\/wp-content\/uploads\/2026\/09\/IMG_3041-1024x666.jpeg 1024w, https:\/\/www.libroart.de\/lindabroszeit\/wp-content\/uploads\/2026\/09\/IMG_3041-300x195.jpeg 300w, https:\/\/www.libroart.de\/lindabroszeit\/wp-content\/uploads\/2026\/09\/IMG_3041-768x499.jpeg 768w, https:\/\/www.libroart.de\/lindabroszeit\/wp-content\/uploads\/2026\/09\/IMG_3041-1536x998.jpeg 1536w, https:\/\/www.libroart.de\/lindabroszeit\/wp-content\/uploads\/2026\/09\/IMG_3041-1200x780.jpeg 1200w, https:\/\/www.libroart.de\/lindabroszeit\/wp-content\/uploads\/2026\/09\/IMG_3041.jpeg 1575w\" sizes=\"auto, (max-width: 709px) 85vw, (max-width: 909px) 67vw, (max-width: 1362px) 62vw, 840px\" \/><\/figure>\n<\/div>\n\n\n<p class=\"wp-block-paragraph\"><\/p>\n\n\n\n<p class=\"wp-block-paragraph\">Doch dann wurde es langsamer dunkler, der Ort wurde stiller und auch wir hingen schweigend halb liegend in unseren Sitzs\u00e4cken und guckten in den Sonnenuntergangshimmel.<\/p>\n\n\n<div class=\"wp-block-image\">\n<figure class=\"aligncenter size-large is-resized\"><img loading=\"lazy\" decoding=\"async\" width=\"776\" height=\"1024\" src=\"https:\/\/www.libroart.de\/lindabroszeit\/wp-content\/uploads\/2026\/09\/IMG_4660-776x1024.jpeg\" alt=\"\" class=\"wp-image-32951\" style=\"aspect-ratio:0.7578235128277417;width:364px;height:auto\" srcset=\"https:\/\/www.libroart.de\/lindabroszeit\/wp-content\/uploads\/2026\/09\/IMG_4660-776x1024.jpeg 776w, https:\/\/www.libroart.de\/lindabroszeit\/wp-content\/uploads\/2026\/09\/IMG_4660-227x300.jpeg 227w, https:\/\/www.libroart.de\/lindabroszeit\/wp-content\/uploads\/2026\/09\/IMG_4660-768x1013.jpeg 768w, https:\/\/www.libroart.de\/lindabroszeit\/wp-content\/uploads\/2026\/09\/IMG_4660-scaled.jpeg 1024w\" sizes=\"auto, (max-width: 709px) 85vw, (max-width: 909px) 67vw, (max-width: 984px) 61vw, (max-width: 1362px) 45vw, 600px\" \/><\/figure>\n<\/div>\n\n\n<p class=\"wp-block-paragraph\"><\/p>\n\n\n\n<p class=\"wp-block-paragraph\">War das da gerade eben ein Turmfalke? Ja, wir sind uns sicher! Und dann huschten Flederm\u00e4use am Himmel vorbei\u2026Flederm\u00e4use in der Duisburger Innenstadt ?! Und dann ein Sonnenuntergang\u2026Wir sind wirklich in Duisburg?<br>Drei von uns fuhren nach Hause, meine beiden Chefinnen blieben noch und zeigten mir am anderen Tag dieses Foto von der Duisburger Marina, keine hundert Schritte von der Buchhandlung entfernt:<\/p>\n\n\n<div class=\"wp-block-image\">\n<figure class=\"aligncenter size-large is-resized\"><img loading=\"lazy\" decoding=\"async\" width=\"1024\" height=\"794\" src=\"https:\/\/www.libroart.de\/lindabroszeit\/wp-content\/uploads\/2026\/09\/IMG_3042-1024x794.jpeg\" alt=\"\" class=\"wp-image-32954\" style=\"aspect-ratio:1.289703483350926;width:519px;height:auto\" srcset=\"https:\/\/www.libroart.de\/lindabroszeit\/wp-content\/uploads\/2026\/09\/IMG_3042-1024x794.jpeg 1024w, https:\/\/www.libroart.de\/lindabroszeit\/wp-content\/uploads\/2026\/09\/IMG_3042-300x233.jpeg 300w, https:\/\/www.libroart.de\/lindabroszeit\/wp-content\/uploads\/2026\/09\/IMG_3042-768x595.jpeg 768w, https:\/\/www.libroart.de\/lindabroszeit\/wp-content\/uploads\/2026\/09\/IMG_3042-1536x1190.jpeg 1322w, https:\/\/www.libroart.de\/lindabroszeit\/wp-content\/uploads\/2026\/09\/IMG_3042-1200x930.jpeg 1200w, https:\/\/www.libroart.de\/lindabroszeit\/wp-content\/uploads\/2026\/09\/IMG_3042.jpeg 1321w\" sizes=\"auto, (max-width: 709px) 85vw, (max-width: 909px) 67vw, (max-width: 1362px) 62vw, 840px\" \/><figcaption class=\"wp-element-caption\">Elisabeth Evertz genie\u00dft die abendliche Stimmung.<\/figcaption><\/figure>\n<\/div>\n\n\n<p class=\"wp-block-paragraph\"><\/p>\n\n\n\n<p class=\"wp-block-paragraph\">Meine Vorfreude auf die Er\u00f6ffnung am 12. September w\u00e4chst von Tag zu Tag, wenn ich daran denke, wo ich \u00fcberall im Innenhafen meine Pause verbringen kann. Im Sommer ist es sogar m\u00f6glich, hier zu schwimmen und an nicht so sch\u00f6nen Tagen k\u00f6nnte ich auch in eins der beiden nahen Museen gehen:<\/p>\n\n\n<div class=\"wp-block-image\">\n<figure class=\"aligncenter size-large is-resized\"><img loading=\"lazy\" decoding=\"async\" width=\"768\" height=\"1024\" src=\"https:\/\/www.libroart.de\/lindabroszeit\/wp-content\/uploads\/2026\/09\/354CAE3E-98F9-4BAF-91BE-42FA8362BC43-768x1024.jpeg\" alt=\"\" class=\"wp-image-32963\" style=\"aspect-ratio:0.7501534912277438;width:512px;height:auto\" srcset=\"https:\/\/www.libroart.de\/lindabroszeit\/wp-content\/uploads\/2026\/09\/354CAE3E-98F9-4BAF-91BE-42FA8362BC43-768x1024.jpeg 768w, https:\/\/www.libroart.de\/lindabroszeit\/wp-content\/uploads\/2026\/09\/354CAE3E-98F9-4BAF-91BE-42FA8362BC43-225x300.jpeg 225w, https:\/\/www.libroart.de\/lindabroszeit\/wp-content\/uploads\/2026\/09\/354CAE3E-98F9-4BAF-91BE-42FA8362BC43.jpeg 1024w\" sizes=\"auto, (max-width: 709px) 85vw, (max-width: 909px) 67vw, (max-width: 984px) 61vw, (max-width: 1362px) 45vw, 600px\" \/><figcaption class=\"wp-element-caption\">Oben und Mitte die K\u00fcppersm\u00fchle- ein Museum, das f\u00fcr mich ein St\u00fcck Heimat bedeutet. Unten das stadthistorische Museum, in das ich auch immer mal wieder gerne gehe, um mein Wissen \u00fcber Duisburg aufzufrischen. Auch gibt es hier, wie in der K\u00fcppersm\u00fchle, gro\u00dfartige Wechselausstellungen.<\/figcaption><\/figure>\n<\/div>\n\n\n<p class=\"wp-block-paragraph\">Als ich am Freitag vor der Buchhandlung sa\u00df und auf meine Kolleginnen wartete, kamen einige Touristen an mir vorbei. Es ist sicherlich eine der interessantesten Ecken von Duisburg und ich w\u00fcnsche mir sehr, dass nicht nur Touristen, sondern auch viele Duisburger diese Ecke ihrer Heimatstadt noch besser kennen und sch\u00e4tzen lernen.<\/p>\n\n\n\n<p class=\"wp-block-paragraph\">So, jetzt habe ich vielleicht ein bisschen weit ausgeholt\u2026Der Umzug steht vor der T\u00fcr und auch nach dem 12. September wird es noch viel zu tun geben, bis in den neuen R\u00e4umen alles passt. Sie wissen jetzt, wo mein Gedanken im September sein werden, mal sehen, wie viele Blogbeitr\u00e4ge da noch \u201erausspringen\u201c\ud83d\ude09<br>Donnerstag habe ich aber schon eine neue Buchbesprechung f\u00fcr Sie vorbereitet!<\/p>\n\n\n\n<p class=\"wp-block-paragraph\">Beinahe h\u00e4tte ich noch etwas vergessen\u2026<br><\/p>\n\n\n<div class=\"wp-block-image\">\n<figure class=\"aligncenter size-large is-resized\"><img loading=\"lazy\" decoding=\"async\" width=\"724\" height=\"1024\" src=\"https:\/\/www.libroart.de\/lindabroszeit\/wp-content\/uploads\/2026\/09\/IMG_3048-724x1024.png\" alt=\"\" class=\"wp-image-32966\" style=\"aspect-ratio:0.707033510442422;width:380px;height:auto\" srcset=\"https:\/\/www.libroart.de\/lindabroszeit\/wp-content\/uploads\/2026\/09\/IMG_3048-724x1024.png 724w, https:\/\/www.libroart.de\/lindabroszeit\/wp-content\/uploads\/2026\/09\/IMG_3048-212x300.png 212w, https:\/\/www.libroart.de\/lindabroszeit\/wp-content\/uploads\/2026\/09\/IMG_3048-768x1087.png 768w, https:\/\/www.libroart.de\/lindabroszeit\/wp-content\/uploads\/2026\/09\/IMG_3048.png 788w\" sizes=\"auto, (max-width: 709px) 85vw, (max-width: 909px) 67vw, (max-width: 984px) 61vw, (max-width: 1362px) 45vw, 600px\" \/><\/figure>\n<\/div>\n\n\n<p class=\"wp-block-paragraph\">Hier noch ein vereinfachter Stadtplan:<\/p>\n\n\n<div class=\"wp-block-image\">\n<figure class=\"aligncenter size-large is-resized\"><img loading=\"lazy\" decoding=\"async\" width=\"506\" height=\"1024\" src=\"https:\/\/www.libroart.de\/lindabroszeit\/wp-content\/uploads\/2026\/09\/IMG_3049-506x1024.png\" alt=\"\" class=\"wp-image-32968\" style=\"aspect-ratio:0.49414816510261694;width:261px;height:auto\" srcset=\"https:\/\/www.libroart.de\/lindabroszeit\/wp-content\/uploads\/2026\/09\/IMG_3049-506x1024.png 506w, https:\/\/www.libroart.de\/lindabroszeit\/wp-content\/uploads\/2026\/09\/IMG_3049-148x300.png 148w, https:\/\/www.libroart.de\/lindabroszeit\/wp-content\/uploads\/2026\/09\/IMG_3049.png 684w\" sizes=\"auto, (max-width: 506px) 85vw, 506px\" \/><\/figure>\n<\/div>\n\n\n<p class=\"wp-block-paragraph\">Es gibt diverse Parkm\u00f6glichkeiten, beispielsweise auf dem Rathausparkplatz, vor dem B&amp;B Hotel und in den kleinen Seitenstra\u00dfen. (Alle mit Parkgeb\u00fchren, zwischen 1 und 2 Euro\/Stunde). Die n\u00e4chste Bushaltestelle ist \u201eRathaus\u201c.<\/p>\n\n\n\n<p class=\"wp-block-paragraph\">Sie sind neugierig auf die Buchhandlung geworden? Hier geht es zu einer Bildergalerie:<\/p>\n\n\n\n<p class=\"wp-block-paragraph\"><a href=\"https:\/\/www.scheuermann.de\/umzug\">https:\/\/www.scheuermann.de\/umzug<\/a><\/p>\n\n\n\n<p class=\"wp-block-paragraph\"><\/p>\n","protected":false},"excerpt":{"rendered":"<p>In den letzte Monaten hat es sich so ergeben, dass ich montags und donnerstags einen neuen Beitrag in meinem Blog ver\u00f6ffentlicht habe. Diese Regelm\u00e4\u00dfigkeit wird im September voraussichtlich unterbrochen werden, da in diesem Monat mein Augenmerk auf meiner Arbeit liegt.Ich arbeite mehrere Tage pro Monat in der Duisburger Buchhandlung Scheuermann. Wer in Duisburg oder den &hellip; <a href=\"https:\/\/www.libroart.de\/lindabroszeit\/2026\/09\/01\/sind-sie-ein-bisschen-neidisch-auf-mich\/\" class=\"more-link\"><span class=\"screen-reader-text\">\u201eMeine Duisburger Vorfreude im September\u201c <\/span>weiterlesen<\/a><\/p>\n","protected":false},"author":1,"featured_media":0,"comment_status":"open","ping_status":"open","sticky":false,"template":"","format":"standard","meta":{"ngg_post_thumbnail":0,"footnotes":""},"categories":[20,1359],"tags":[1378,266,1644,4103],"class_list":["post-32939","post","type-post","status-publish","format-standard","hentry","category-kleine-fluchten","category-duisburg-aus-meiner-sicht","tag-buchhandlung","tag-duisburg","tag-heimat","tag-innenhafen"],"aioseo_notices":[],"aioseo_head":"\n\t\t<!-- All in One SEO 5.0.1.1 - aioseo.com -->\n\t<meta name=\"description\" content=\"In den letzte Monaten hat es sich so ergeben, dass ich montags und donnerstags einen neuen Beitrag in meinem Blog ver\u00f6ffentlicht habe. Diese Regelm\u00e4\u00dfigkeit wird im September voraussichtlich unterbrochen werden, da in diesem Monat mein Augenmerk auf meiner Arbeit liegt.Ich arbeite mehrere Tage pro Monat in der Duisburger Buchhandlung Scheuermann. Wer in Duisburg oder den\" \/>\n\t<meta name=\"robots\" content=\"max-image-preview:large\" \/>\n\t<meta name=\"author\" content=\"linda\"\/>\n\t<meta name=\"keywords\" content=\"buchhandlung,duisburg,heimat,innenhafen,ausfl\u00fcge in und um nrw herum,duisburg aus meiner sicht\" \/>\n\t<link rel=\"canonical\" href=\"https:\/\/www.libroart.de\/lindabroszeit\/2026\/09\/01\/sind-sie-ein-bisschen-neidisch-auf-mich\/\" \/>\n\t<meta name=\"generator\" content=\"All in One SEO (AIOSEO) 5.0.1.1\" \/>\n\t\t<meta property=\"og:locale\" content=\"de_DE\" \/>\n\t\t<meta property=\"og:site_name\" content=\"Linda Broszeit | Wer nicht neugierig bleibt, wird nur noch \u00e4lter (Marianne Frauchiger)\" \/>\n\t\t<meta property=\"og:type\" content=\"article\" \/>\n\t\t<meta property=\"og:title\" content=\"Meine Duisburger Vorfreude im September | Linda Broszeit\" \/>\n\t\t<meta property=\"og:description\" content=\"In den letzte Monaten hat es sich so ergeben, dass ich montags und donnerstags einen neuen Beitrag in meinem Blog ver\u00f6ffentlicht habe. Diese Regelm\u00e4\u00dfigkeit wird im September voraussichtlich unterbrochen werden, da in diesem Monat mein Augenmerk auf meiner Arbeit liegt.Ich arbeite mehrere Tage pro Monat in der Duisburger Buchhandlung Scheuermann. Wer in Duisburg oder den\" \/>\n\t\t<meta property=\"og:url\" content=\"https:\/\/www.libroart.de\/lindabroszeit\/2026\/09\/01\/sind-sie-ein-bisschen-neidisch-auf-mich\/\" \/>\n\t\t<meta property=\"article:published_time\" content=\"2026-08-31T23:39:00+00:00\" \/>\n\t\t<meta property=\"article:modified_time\" content=\"2026-08-30T03:25:41+00:00\" \/>\n\t\t<meta name=\"twitter:card\" content=\"summary\" \/>\n\t\t<meta name=\"twitter:title\" content=\"Meine Duisburger Vorfreude im September | Linda Broszeit\" \/>\n\t\t<meta name=\"twitter:description\" content=\"In den letzte Monaten hat es sich so ergeben, dass ich montags und donnerstags einen neuen Beitrag in meinem Blog ver\u00f6ffentlicht habe. Diese Regelm\u00e4\u00dfigkeit wird im September voraussichtlich unterbrochen werden, da in diesem Monat mein Augenmerk auf meiner Arbeit liegt.Ich arbeite mehrere Tage pro Monat in der Duisburger Buchhandlung Scheuermann. Wer in Duisburg oder den\" \/>\n\t\t<script type=\"application\/ld+json\" class=\"aioseo-schema\">\n\t\t\t{\"@context\":\"https:\\\/\\\/schema.org\",\"@graph\":[{\"@type\":\"Article\",\"@id\":\"https:\\\/\\\/www.libroart.de\\\/lindabroszeit\\\/2026\\\/09\\\/01\\\/sind-sie-ein-bisschen-neidisch-auf-mich\\\/#article\",\"name\":\"Meine Duisburger Vorfreude im September | Linda Broszeit\",\"headline\":\"Meine Duisburger Vorfreude im September\",\"author\":{\"@id\":\"https:\\\/\\\/www.libroart.de\\\/lindabroszeit\\\/author\\\/linda\\\/#author\"},\"publisher\":{\"@id\":\"https:\\\/\\\/www.libroart.de\\\/lindabroszeit\\\/#person\"},\"image\":{\"@type\":\"ImageObject\",\"url\":\"https:\\\/\\\/www.libroart.de\\\/lindabroszeit\\\/wp-content\\\/uploads\\\/2026\\\/09\\\/0949130F-3CFD-424B-819F-860A47ED7EF9.jpeg\",\"@id\":\"https:\\\/\\\/www.libroart.de\\\/lindabroszeit\\\/2026\\\/09\\\/01\\\/sind-sie-ein-bisschen-neidisch-auf-mich\\\/#articleImage\",\"width\":1024,\"height\":1024},\"datePublished\":\"2026-09-01T01:39:00+02:00\",\"dateModified\":\"2026-08-30T05:25:41+02:00\",\"inLanguage\":\"de-DE\",\"mainEntityOfPage\":{\"@id\":\"https:\\\/\\\/www.libroart.de\\\/lindabroszeit\\\/2026\\\/09\\\/01\\\/sind-sie-ein-bisschen-neidisch-auf-mich\\\/#webpage\"},\"isPartOf\":{\"@id\":\"https:\\\/\\\/www.libroart.de\\\/lindabroszeit\\\/2026\\\/09\\\/01\\\/sind-sie-ein-bisschen-neidisch-auf-mich\\\/#webpage\"},\"articleSection\":\"Ausfl\\u00fcge in und um NRW herum, Duisburg aus meiner Sicht, Buchhandlung, Duisburg, Heimat, Innenhafen\"},{\"@type\":\"BreadcrumbList\",\"@id\":\"https:\\\/\\\/www.libroart.de\\\/lindabroszeit\\\/2026\\\/09\\\/01\\\/sind-sie-ein-bisschen-neidisch-auf-mich\\\/#breadcrumblist\",\"itemListElement\":[{\"@type\":\"ListItem\",\"@id\":\"https:\\\/\\\/www.libroart.de\\\/lindabroszeit#listItem\",\"position\":1,\"name\":\"Home\",\"item\":\"https:\\\/\\\/www.libroart.de\\\/lindabroszeit\",\"nextItem\":{\"@type\":\"ListItem\",\"@id\":\"https:\\\/\\\/www.libroart.de\\\/lindabroszeit\\\/category\\\/kleine-fluchten\\\/#listItem\",\"name\":\"Ausfl\\u00fcge in und um NRW herum\"}},{\"@type\":\"ListItem\",\"@id\":\"https:\\\/\\\/www.libroart.de\\\/lindabroszeit\\\/category\\\/kleine-fluchten\\\/#listItem\",\"position\":2,\"name\":\"Ausfl\\u00fcge in und um NRW herum\",\"item\":\"https:\\\/\\\/www.libroart.de\\\/lindabroszeit\\\/category\\\/kleine-fluchten\\\/\",\"nextItem\":{\"@type\":\"ListItem\",\"@id\":\"https:\\\/\\\/www.libroart.de\\\/lindabroszeit\\\/2026\\\/09\\\/01\\\/sind-sie-ein-bisschen-neidisch-auf-mich\\\/#listItem\",\"name\":\"Meine Duisburger Vorfreude im September\"},\"previousItem\":{\"@type\":\"ListItem\",\"@id\":\"https:\\\/\\\/www.libroart.de\\\/lindabroszeit#listItem\",\"name\":\"Home\"}},{\"@type\":\"ListItem\",\"@id\":\"https:\\\/\\\/www.libroart.de\\\/lindabroszeit\\\/2026\\\/09\\\/01\\\/sind-sie-ein-bisschen-neidisch-auf-mich\\\/#listItem\",\"position\":3,\"name\":\"Meine Duisburger Vorfreude im September\",\"previousItem\":{\"@type\":\"ListItem\",\"@id\":\"https:\\\/\\\/www.libroart.de\\\/lindabroszeit\\\/category\\\/kleine-fluchten\\\/#listItem\",\"name\":\"Ausfl\\u00fcge in und um NRW herum\"}}]},{\"@type\":\"Person\",\"@id\":\"https:\\\/\\\/www.libroart.de\\\/lindabroszeit\\\/#person\",\"name\":\"linda\",\"image\":{\"@type\":\"ImageObject\",\"@id\":\"https:\\\/\\\/www.libroart.de\\\/lindabroszeit\\\/2026\\\/09\\\/01\\\/sind-sie-ein-bisschen-neidisch-auf-mich\\\/#personImage\",\"url\":\"https:\\\/\\\/secure.gravatar.com\\\/avatar\\\/8d0f2d903c12b96ff4577d46cfb0a797949775e68fe33dc41c3f43b58bf56266?s=96&d=mm&r=g\",\"width\":96,\"height\":96,\"caption\":\"linda\"}},{\"@type\":\"Person\",\"@id\":\"https:\\\/\\\/www.libroart.de\\\/lindabroszeit\\\/author\\\/linda\\\/#author\",\"url\":\"https:\\\/\\\/www.libroart.de\\\/lindabroszeit\\\/author\\\/linda\\\/\",\"name\":\"linda\",\"image\":{\"@type\":\"ImageObject\",\"@id\":\"https:\\\/\\\/www.libroart.de\\\/lindabroszeit\\\/2026\\\/09\\\/01\\\/sind-sie-ein-bisschen-neidisch-auf-mich\\\/#authorImage\",\"url\":\"https:\\\/\\\/secure.gravatar.com\\\/avatar\\\/8d0f2d903c12b96ff4577d46cfb0a797949775e68fe33dc41c3f43b58bf56266?s=96&d=mm&r=g\",\"width\":96,\"height\":96,\"caption\":\"linda\"}},{\"@type\":\"WebPage\",\"@id\":\"https:\\\/\\\/www.libroart.de\\\/lindabroszeit\\\/2026\\\/09\\\/01\\\/sind-sie-ein-bisschen-neidisch-auf-mich\\\/#webpage\",\"url\":\"https:\\\/\\\/www.libroart.de\\\/lindabroszeit\\\/2026\\\/09\\\/01\\\/sind-sie-ein-bisschen-neidisch-auf-mich\\\/\",\"name\":\"Meine Duisburger Vorfreude im September | Linda Broszeit\",\"description\":\"In den letzte Monaten hat es sich so ergeben, dass ich montags und donnerstags einen neuen Beitrag in meinem Blog ver\\u00f6ffentlicht habe. Diese Regelm\\u00e4\\u00dfigkeit wird im September voraussichtlich unterbrochen werden, da in diesem Monat mein Augenmerk auf meiner Arbeit liegt.Ich arbeite mehrere Tage pro Monat in der Duisburger Buchhandlung Scheuermann. Wer in Duisburg oder den\",\"inLanguage\":\"de-DE\",\"isPartOf\":{\"@id\":\"https:\\\/\\\/www.libroart.de\\\/lindabroszeit\\\/#website\"},\"breadcrumb\":{\"@id\":\"https:\\\/\\\/www.libroart.de\\\/lindabroszeit\\\/2026\\\/09\\\/01\\\/sind-sie-ein-bisschen-neidisch-auf-mich\\\/#breadcrumblist\"},\"author\":{\"@id\":\"https:\\\/\\\/www.libroart.de\\\/lindabroszeit\\\/author\\\/linda\\\/#author\"},\"creator\":{\"@id\":\"https:\\\/\\\/www.libroart.de\\\/lindabroszeit\\\/author\\\/linda\\\/#author\"},\"datePublished\":\"2026-09-01T01:39:00+02:00\",\"dateModified\":\"2026-08-30T05:25:41+02:00\"},{\"@type\":\"WebSite\",\"@id\":\"https:\\\/\\\/www.libroart.de\\\/lindabroszeit\\\/#website\",\"url\":\"https:\\\/\\\/www.libroart.de\\\/lindabroszeit\\\/\",\"name\":\"Literatur, Musik, Umwelt, Kunst, Reise- Viele Ideen von Linda Broszeit\",\"alternateName\":\"Der Blog aus Duisburg\",\"description\":\"Wer nicht neugierig bleibt, wird nur noch \\u00e4lter (Marianne Frauchiger)\",\"inLanguage\":\"de-DE\",\"publisher\":{\"@id\":\"https:\\\/\\\/www.libroart.de\\\/lindabroszeit\\\/#person\"}}]}\n\t\t<\/script>\n\t\t<!-- All in One SEO -->\n\n","aioseo_head_json":{"title":"Meine Duisburger Vorfreude im September | Linda Broszeit","description":"In den letzte Monaten hat es sich so ergeben, dass ich montags und donnerstags einen neuen Beitrag in meinem Blog ver\u00f6ffentlicht habe. Diese Regelm\u00e4\u00dfigkeit wird im September voraussichtlich unterbrochen werden, da in diesem Monat mein Augenmerk auf meiner Arbeit liegt.Ich arbeite mehrere Tage pro Monat in der Duisburger Buchhandlung Scheuermann. Wer in Duisburg oder den","canonical_url":"https:\/\/www.libroart.de\/lindabroszeit\/2026\/09\/01\/sind-sie-ein-bisschen-neidisch-auf-mich\/","robots":"max-image-preview:large","keywords":"buchhandlung,duisburg,heimat,innenhafen,ausfl\u00fcge in und um nrw herum,duisburg aus meiner sicht","webmasterTools":{"miscellaneous":""},"schema":{"@context":"https:\/\/schema.org","@graph":[{"@type":"Article","@id":"https:\/\/www.libroart.de\/lindabroszeit\/2026\/09\/01\/sind-sie-ein-bisschen-neidisch-auf-mich\/#article","name":"Meine Duisburger Vorfreude im September | Linda Broszeit","headline":"Meine Duisburger Vorfreude im September","author":{"@id":"https:\/\/www.libroart.de\/lindabroszeit\/author\/linda\/#author"},"publisher":{"@id":"https:\/\/www.libroart.de\/lindabroszeit\/#person"},"image":{"@type":"ImageObject","url":"https:\/\/www.libroart.de\/lindabroszeit\/wp-content\/uploads\/2026\/09\/0949130F-3CFD-424B-819F-860A47ED7EF9.jpeg","@id":"https:\/\/www.libroart.de\/lindabroszeit\/2026\/09\/01\/sind-sie-ein-bisschen-neidisch-auf-mich\/#articleImage","width":1024,"height":1024},"datePublished":"2026-09-01T01:39:00+02:00","dateModified":"2026-08-30T05:25:41+02:00","inLanguage":"de-DE","mainEntityOfPage":{"@id":"https:\/\/www.libroart.de\/lindabroszeit\/2026\/09\/01\/sind-sie-ein-bisschen-neidisch-auf-mich\/#webpage"},"isPartOf":{"@id":"https:\/\/www.libroart.de\/lindabroszeit\/2026\/09\/01\/sind-sie-ein-bisschen-neidisch-auf-mich\/#webpage"},"articleSection":"Ausfl\u00fcge in und um NRW herum, Duisburg aus meiner Sicht, Buchhandlung, Duisburg, Heimat, Innenhafen"},{"@type":"BreadcrumbList","@id":"https:\/\/www.libroart.de\/lindabroszeit\/2026\/09\/01\/sind-sie-ein-bisschen-neidisch-auf-mich\/#breadcrumblist","itemListElement":[{"@type":"ListItem","@id":"https:\/\/www.libroart.de\/lindabroszeit#listItem","position":1,"name":"Home","item":"https:\/\/www.libroart.de\/lindabroszeit","nextItem":{"@type":"ListItem","@id":"https:\/\/www.libroart.de\/lindabroszeit\/category\/kleine-fluchten\/#listItem","name":"Ausfl\u00fcge in und um NRW herum"}},{"@type":"ListItem","@id":"https:\/\/www.libroart.de\/lindabroszeit\/category\/kleine-fluchten\/#listItem","position":2,"name":"Ausfl\u00fcge in und um NRW herum","item":"https:\/\/www.libroart.de\/lindabroszeit\/category\/kleine-fluchten\/","nextItem":{"@type":"ListItem","@id":"https:\/\/www.libroart.de\/lindabroszeit\/2026\/09\/01\/sind-sie-ein-bisschen-neidisch-auf-mich\/#listItem","name":"Meine Duisburger Vorfreude im September"},"previousItem":{"@type":"ListItem","@id":"https:\/\/www.libroart.de\/lindabroszeit#listItem","name":"Home"}},{"@type":"ListItem","@id":"https:\/\/www.libroart.de\/lindabroszeit\/2026\/09\/01\/sind-sie-ein-bisschen-neidisch-auf-mich\/#listItem","position":3,"name":"Meine Duisburger Vorfreude im September","previousItem":{"@type":"ListItem","@id":"https:\/\/www.libroart.de\/lindabroszeit\/category\/kleine-fluchten\/#listItem","name":"Ausfl\u00fcge in und um NRW herum"}}]},{"@type":"Person","@id":"https:\/\/www.libroart.de\/lindabroszeit\/#person","name":"linda","image":{"@type":"ImageObject","@id":"https:\/\/www.libroart.de\/lindabroszeit\/2026\/09\/01\/sind-sie-ein-bisschen-neidisch-auf-mich\/#personImage","url":"https:\/\/secure.gravatar.com\/avatar\/8d0f2d903c12b96ff4577d46cfb0a797949775e68fe33dc41c3f43b58bf56266?s=96&d=mm&r=g","width":96,"height":96,"caption":"linda"}},{"@type":"Person","@id":"https:\/\/www.libroart.de\/lindabroszeit\/author\/linda\/#author","url":"https:\/\/www.libroart.de\/lindabroszeit\/author\/linda\/","name":"linda","image":{"@type":"ImageObject","@id":"https:\/\/www.libroart.de\/lindabroszeit\/2026\/09\/01\/sind-sie-ein-bisschen-neidisch-auf-mich\/#authorImage","url":"https:\/\/secure.gravatar.com\/avatar\/8d0f2d903c12b96ff4577d46cfb0a797949775e68fe33dc41c3f43b58bf56266?s=96&d=mm&r=g","width":96,"height":96,"caption":"linda"}},{"@type":"WebPage","@id":"https:\/\/www.libroart.de\/lindabroszeit\/2026\/09\/01\/sind-sie-ein-bisschen-neidisch-auf-mich\/#webpage","url":"https:\/\/www.libroart.de\/lindabroszeit\/2026\/09\/01\/sind-sie-ein-bisschen-neidisch-auf-mich\/","name":"Meine Duisburger Vorfreude im September | Linda Broszeit","description":"In den letzte Monaten hat es sich so ergeben, dass ich montags und donnerstags einen neuen Beitrag in meinem Blog ver\u00f6ffentlicht habe. Diese Regelm\u00e4\u00dfigkeit wird im September voraussichtlich unterbrochen werden, da in diesem Monat mein Augenmerk auf meiner Arbeit liegt.Ich arbeite mehrere Tage pro Monat in der Duisburger Buchhandlung Scheuermann. Wer in Duisburg oder den","inLanguage":"de-DE","isPartOf":{"@id":"https:\/\/www.libroart.de\/lindabroszeit\/#website"},"breadcrumb":{"@id":"https:\/\/www.libroart.de\/lindabroszeit\/2026\/09\/01\/sind-sie-ein-bisschen-neidisch-auf-mich\/#breadcrumblist"},"author":{"@id":"https:\/\/www.libroart.de\/lindabroszeit\/author\/linda\/#author"},"creator":{"@id":"https:\/\/www.libroart.de\/lindabroszeit\/author\/linda\/#author"},"datePublished":"2026-09-01T01:39:00+02:00","dateModified":"2026-08-30T05:25:41+02:00"},{"@type":"WebSite","@id":"https:\/\/www.libroart.de\/lindabroszeit\/#website","url":"https:\/\/www.libroart.de\/lindabroszeit\/","name":"Literatur, Musik, Umwelt, Kunst, Reise- Viele Ideen von Linda Broszeit","alternateName":"Der Blog aus Duisburg","description":"Wer nicht neugierig bleibt, wird nur noch \u00e4lter (Marianne Frauchiger)","inLanguage":"de-DE","publisher":{"@id":"https:\/\/www.libroart.de\/lindabroszeit\/#person"}}]},"og:locale":"de_DE","og:site_name":"Linda Broszeit | Wer nicht neugierig bleibt, wird nur noch \u00e4lter (Marianne Frauchiger)","og:type":"article","og:title":"Meine Duisburger Vorfreude im September | Linda Broszeit","og:description":"In den letzte Monaten hat es sich so ergeben, dass ich montags und donnerstags einen neuen Beitrag in meinem Blog ver\u00f6ffentlicht habe. Diese Regelm\u00e4\u00dfigkeit wird im September voraussichtlich unterbrochen werden, da in diesem Monat mein Augenmerk auf meiner Arbeit liegt.Ich arbeite mehrere Tage pro Monat in der Duisburger Buchhandlung Scheuermann. Wer in Duisburg oder den","og:url":"https:\/\/www.libroart.de\/lindabroszeit\/2026\/09\/01\/sind-sie-ein-bisschen-neidisch-auf-mich\/","article:published_time":"2026-08-31T23:39:00+00:00","article:modified_time":"2026-08-30T03:25:41+00:00","twitter:card":"summary","twitter:title":"Meine Duisburger Vorfreude im September | Linda Broszeit","twitter:description":"In den letzte Monaten hat es sich so ergeben, dass ich montags und donnerstags einen neuen Beitrag in meinem Blog ver\u00f6ffentlicht habe. Diese Regelm\u00e4\u00dfigkeit wird im September voraussichtlich unterbrochen werden, da in diesem Monat mein Augenmerk auf meiner Arbeit liegt.Ich arbeite mehrere Tage pro Monat in der Duisburger Buchhandlung Scheuermann. Wer in Duisburg oder den"},"aioseo_meta_data":{"post_id":"32939","title":null,"description":null,"keywords":null,"keyphrases":{"focus":{"keyphrase":"Duisburg,Scheuermann,Umzub,Innenhafen,Tiurismus,Flachsmarkt,K\u00fcppersm\u00fchle,Sonnenwall,Buchhandlung,Turmfalke,Flederm\u00e4use,Blog,Linda,Broszeit,Evertz,Landesarchiv,MArientor,Rathaus,Salvatorkirche,Stadtmauer,Marina,wei\u00dfe Flotte,","score":0,"analysis":[]},"additional":[]},"primary_term":null,"canonical_url":null,"og_title":null,"og_description":null,"og_object_type":"default","og_image_type":"default","og_image_url":null,"og_image_width":null,"og_image_height":null,"og_image_custom_url":null,"og_image_custom_fields":null,"og_video":"","og_custom_url":null,"og_article_section":null,"og_article_tags":null,"twitter_use_og":false,"twitter_card":"default","twitter_image_type":"default","twitter_image_url":null,"twitter_image_custom_url":null,"twitter_image_custom_fields":null,"twitter_title":null,"twitter_description":null,"schema":{"blockGraphs":[],"customGraphs":[],"default":{"data":{"Article":[],"Course":[],"Dataset":[],"FAQPage":[],"Movie":[],"Person":[],"Product":[],"ProductReview":[],"Car":[],"Recipe":[],"Service":[],"SoftwareApplication":[],"WebPage":[]},"graphName":"Article","isEnabled":true},"graphs":[]},"schema_type":"default","schema_type_options":null,"pillar_content":false,"robots_default":true,"robots_noindex":false,"robots_noarchive":false,"robots_nosnippet":false,"robots_nofollow":false,"robots_noimageindex":false,"robots_noodp":false,"robots_notranslate":false,"robots_max_snippet":"-1","robots_max_videopreview":"-1","robots_max_imagepreview":"large","priority":null,"frequency":"default","local_seo":null,"breadcrumb_settings":null,"limit_modified_date":false,"ai":{"faqs":[],"keyPoints":[],"schemas":[],"titles":[],"descriptions":[],"socialPosts":{"email":{"subject":"","preview":"","content":""},"linkedin":[],"twitter":[],"facebook":[],"instagram":[]}},"created":"2026-08-29 17:36:47","updated":"2026-08-31 23:42:14","seo_analyzer_scan_date":null,"focus_keyword":"Duisburg,Scheuermann,Umzub,Innenhafen,Tiurismus,Flachsmarkt,K\u00fcppersm\u00fchle,Sonnenwall,Buchhandlung,Turmfalke,Flederm\u00e4use,Blog,Linda,Broszeit,Evertz,Landesarchiv,MArientor,Rathaus,Salvatorkirche,Stadtmauer,Marina,wei\u00dfe Flotte,","additional_keywords":null,"truseo_locale":null},"_links":{"self":[{"href":"https:\/\/www.libroart.de\/lindabroszeit\/wp-json\/wp\/v2\/posts\/32939","targetHints":{"allow":["GET"]}}],"collection":[{"href":"https:\/\/www.libroart.de\/lindabroszeit\/wp-json\/wp\/v2\/posts"}],"about":[{"href":"https:\/\/www.libroart.de\/lindabroszeit\/wp-json\/wp\/v2\/types\/post"}],"author":[{"embeddable":true,"href":"https:\/\/www.libroart.de\/lindabroszeit\/wp-json\/wp\/v2\/users\/1"}],"replies":[{"embeddable":true,"href":"https:\/\/www.libroart.de\/lindabroszeit\/wp-json\/wp\/v2\/comments?post=32939"}],"version-history":[{"count":17,"href":"https:\/\/www.libroart.de\/lindabroszeit\/wp-json\/wp\/v2\/posts\/32939\/revisions"}],"predecessor-version":[{"id":32977,"href":"https:\/\/www.libroart.de\/lindabroszeit\/wp-json\/wp\/v2\/posts\/32939\/revisions\/32977"}],"wp:attachment":[{"href":"https:\/\/www.libroart.de\/lindabroszeit\/wp-json\/wp\/v2\/media?parent=32939"}],"wp:term":[{"taxonomy":"category","embeddable":true,"href":"https:\/\/www.libroart.de\/lindabroszeit\/wp-json\/wp\/v2\/categories?post=32939"},{"taxonomy":"post_tag","embeddable":true,"href":"https:\/\/www.libroart.de\/lindabroszeit\/wp-json\/wp\/v2\/tags?post=32939"}],"curies":[{"name":"wp","href":"https:\/\/api.w.org\/{rel}","templated":true}]}}