{"id":32905,"date":"2026-08-31T01:34:00","date_gmt":"2026-08-30T23:34:00","guid":{"rendered":"https:\/\/www.libroart.de\/lindabroszeit\/?p=32905"},"modified":"2026-08-30T11:43:58","modified_gmt":"2026-08-30T09:43:58","slug":"farbrausch-im-norden","status":"publish","type":"post","link":"https:\/\/www.libroart.de\/lindabroszeit\/2026\/08\/31\/farbrausch-im-norden\/","title":{"rendered":"Farbrausch im Norden"},"content":{"rendered":"\n<p class=\"wp-block-paragraph\">Letztes Wochenende waren wir erstmalig in Oldenburg und Bad Zwischenahn. Drei farbenfrohe Tage!<\/p>\n\n\n\n<p class=\"wp-block-paragraph\">Bei einem ersten Bummel durch die Oldenburger Innenstadt fiel uns zuerst das Schloss auf, das mich sofort an ein von mir hei\u00dfgeliebtes Zitronent\u00f6rtchen erinnerte.<\/p>\n\n\n<div class=\"wp-block-image\">\n<figure class=\"aligncenter size-large is-resized\"><img loading=\"lazy\" decoding=\"async\" width=\"1024\" height=\"1024\" src=\"https:\/\/www.libroart.de\/lindabroszeit\/wp-content\/uploads\/2026\/08\/67D25474-32BB-4130-A524-D3FE7D4CD93B-1024x1024.jpeg\" alt=\"\" class=\"wp-image-32906\" style=\"width:558px;height:auto\" srcset=\"https:\/\/www.libroart.de\/lindabroszeit\/wp-content\/uploads\/2026\/08\/67D25474-32BB-4130-A524-D3FE7D4CD93B.jpeg 1024w, https:\/\/www.libroart.de\/lindabroszeit\/wp-content\/uploads\/2026\/08\/67D25474-32BB-4130-A524-D3FE7D4CD93B-300x300.jpeg 300w, https:\/\/www.libroart.de\/lindabroszeit\/wp-content\/uploads\/2026\/08\/67D25474-32BB-4130-A524-D3FE7D4CD93B-150x150.jpeg 150w, https:\/\/www.libroart.de\/lindabroszeit\/wp-content\/uploads\/2026\/08\/67D25474-32BB-4130-A524-D3FE7D4CD93B-768x768.jpeg 768w, https:\/\/www.libroart.de\/lindabroszeit\/wp-content\/uploads\/2026\/08\/67D25474-32BB-4130-A524-D3FE7D4CD93B-144x144.jpeg 144w, https:\/\/www.libroart.de\/lindabroszeit\/wp-content\/uploads\/2026\/08\/67D25474-32BB-4130-A524-D3FE7D4CD93B-120x120.jpeg 120w\" sizes=\"auto, (max-width: 709px) 85vw, (max-width: 909px) 67vw, (max-width: 1362px) 62vw, 840px\" \/><figcaption class=\"wp-element-caption\">Fotocollage: Unten rechts das Zitronent\u00f6rtchen, dar\u00fcber das alte Rathaus (Nussschnitte?). Links: In den zahlreichen kleinen und gro\u00dfen Einkaufsstra\u00dfen tauchte immer wieder auff\u00e4llig Buntes auf.<\/figcaption><\/figure>\n<\/div>\n\n\n<p class=\"wp-block-paragraph\">Auch im Schloss und den Nebengeb\u00e4uden konnte man durch die Gestaltung der R\u00e4ume in Farben schwelgen.<\/p>\n\n\n<div class=\"wp-block-image\">\n<figure class=\"aligncenter size-large is-resized\"><img loading=\"lazy\" decoding=\"async\" width=\"1024\" height=\"1024\" src=\"https:\/\/www.libroart.de\/lindabroszeit\/wp-content\/uploads\/2026\/08\/6FCBFDA9-58D5-4C67-A4DF-2A2E9B2B3D10-1024x1024.jpeg\" alt=\"\" class=\"wp-image-32909\" style=\"width:535px;height:auto\" srcset=\"https:\/\/www.libroart.de\/lindabroszeit\/wp-content\/uploads\/2026\/08\/6FCBFDA9-58D5-4C67-A4DF-2A2E9B2B3D10.jpeg 1024w, https:\/\/www.libroart.de\/lindabroszeit\/wp-content\/uploads\/2026\/08\/6FCBFDA9-58D5-4C67-A4DF-2A2E9B2B3D10-300x300.jpeg 300w, https:\/\/www.libroart.de\/lindabroszeit\/wp-content\/uploads\/2026\/08\/6FCBFDA9-58D5-4C67-A4DF-2A2E9B2B3D10-150x150.jpeg 150w, https:\/\/www.libroart.de\/lindabroszeit\/wp-content\/uploads\/2026\/08\/6FCBFDA9-58D5-4C67-A4DF-2A2E9B2B3D10-768x768.jpeg 768w, https:\/\/www.libroart.de\/lindabroszeit\/wp-content\/uploads\/2026\/08\/6FCBFDA9-58D5-4C67-A4DF-2A2E9B2B3D10-144x144.jpeg 144w, https:\/\/www.libroart.de\/lindabroszeit\/wp-content\/uploads\/2026\/08\/6FCBFDA9-58D5-4C67-A4DF-2A2E9B2B3D10-120x120.jpeg 120w\" sizes=\"auto, (max-width: 709px) 85vw, (max-width: 909px) 67vw, (max-width: 1362px) 62vw, 840px\" \/><\/figure>\n<\/div>\n\n\n<p class=\"wp-block-paragraph\"><\/p>\n\n\n\n<p class=\"wp-block-paragraph\">Nur ein paar Schritte vom Schloss entfernt befindet sich die St. Lamberti Kirche. Von au\u00dfen eine wundersch\u00f6ne Backsteinkirche, \u00fcberrascht sie innen mit einer strahlend wei\u00dfen Einrichtung und wei\u00dfen W\u00e4nden. Wenn da nicht das Kreuz w\u00e4re\u2026<\/p>\n\n\n<div class=\"wp-block-image\">\n<figure class=\"aligncenter size-large is-resized\"><img loading=\"lazy\" decoding=\"async\" width=\"1024\" height=\"768\" src=\"https:\/\/www.libroart.de\/lindabroszeit\/wp-content\/uploads\/2026\/08\/8D2A040F-225F-474F-95AD-410B71AFE738-1024x768.jpeg\" alt=\"\" class=\"wp-image-32912\" style=\"width:554px;height:auto\" srcset=\"https:\/\/www.libroart.de\/lindabroszeit\/wp-content\/uploads\/2026\/08\/8D2A040F-225F-474F-95AD-410B71AFE738-1024x768.jpeg 1024w, https:\/\/www.libroart.de\/lindabroszeit\/wp-content\/uploads\/2026\/08\/8D2A040F-225F-474F-95AD-410B71AFE738-300x225.jpeg 300w, https:\/\/www.libroart.de\/lindabroszeit\/wp-content\/uploads\/2026\/08\/8D2A040F-225F-474F-95AD-410B71AFE738-768x576.jpeg 768w, https:\/\/www.libroart.de\/lindabroszeit\/wp-content\/uploads\/2026\/08\/8D2A040F-225F-474F-95AD-410B71AFE738-1200x900.jpeg 1200w, https:\/\/www.libroart.de\/lindabroszeit\/wp-content\/uploads\/2026\/08\/8D2A040F-225F-474F-95AD-410B71AFE738.jpeg 1234w\" sizes=\"auto, (max-width: 709px) 85vw, (max-width: 909px) 67vw, (max-width: 1362px) 62vw, 840px\" \/><figcaption class=\"wp-element-caption\">Das \u201eLichtkreuz\u201c, das nur zwischen Aschermittwoch und Advent aufgeh\u00e4ngt wird, hat mich fasziniert. Es changierte in zig Farbe, beg\u00fcnstigt dadurch, dass die Kirchenkuppel ein kreisrundes Fenster hat, durch das Tageslicht mit vorbeiziehende Wolken zu sehen ist.<\/figcaption><\/figure>\n<\/div>\n\n\n<p class=\"wp-block-paragraph\">Der Grund unserer Reise nach Oldenburg war der Besuch des Horst Janssen Museums. <\/p>\n\n\n<div class=\"wp-block-image\">\n<figure class=\"aligncenter size-large is-resized\"><img loading=\"lazy\" decoding=\"async\" width=\"1024\" height=\"768\" src=\"https:\/\/www.libroart.de\/lindabroszeit\/wp-content\/uploads\/2026\/08\/IMG_4053-1024x768.jpeg\" alt=\"\" class=\"wp-image-32925\" style=\"width:473px;height:auto\" srcset=\"https:\/\/www.libroart.de\/lindabroszeit\/wp-content\/uploads\/2026\/08\/IMG_4053-1024x768.jpeg 1024w, https:\/\/www.libroart.de\/lindabroszeit\/wp-content\/uploads\/2026\/08\/IMG_4053-300x225.jpeg 300w, https:\/\/www.libroart.de\/lindabroszeit\/wp-content\/uploads\/2026\/08\/IMG_4053-768x576.jpeg 768w, https:\/\/www.libroart.de\/lindabroszeit\/wp-content\/uploads\/2026\/08\/IMG_4053-scaled.jpeg 1365w, https:\/\/www.libroart.de\/lindabroszeit\/wp-content\/uploads\/2026\/08\/IMG_4053-1200x900.jpeg 1200w\" sizes=\"auto, (max-width: 709px) 85vw, (max-width: 909px) 67vw, (max-width: 1362px) 62vw, 840px\" \/><\/figure>\n<\/div>\n\n\n<p class=\"wp-block-paragraph\"><\/p>\n\n\n\n<p class=\"wp-block-paragraph\">Mir gefallen die Kunstwerke von Horst Janssen sehr. Ich habe diese drei B\u00fccher und w\u00fcnschte mir schon lange, einige Werke einmal live zu sehen. <\/p>\n\n\n\n<figure class=\"wp-block-image size-large\"><img loading=\"lazy\" decoding=\"async\" width=\"1024\" height=\"467\" src=\"https:\/\/www.libroart.de\/lindabroszeit\/wp-content\/uploads\/2026\/08\/IMG_3052-1024x467.jpeg\" alt=\"\" class=\"wp-image-32982\" srcset=\"https:\/\/www.libroart.de\/lindabroszeit\/wp-content\/uploads\/2026\/08\/IMG_3052-1024x467.jpeg 1024w, https:\/\/www.libroart.de\/lindabroszeit\/wp-content\/uploads\/2026\/08\/IMG_3052-300x137.jpeg 300w, https:\/\/www.libroart.de\/lindabroszeit\/wp-content\/uploads\/2026\/08\/IMG_3052-768x350.jpeg 768w, https:\/\/www.libroart.de\/lindabroszeit\/wp-content\/uploads\/2026\/08\/IMG_3052-1536x700.jpeg 1536w, https:\/\/www.libroart.de\/lindabroszeit\/wp-content\/uploads\/2026\/08\/IMG_3052-2048x933.jpeg 2048w, https:\/\/www.libroart.de\/lindabroszeit\/wp-content\/uploads\/2026\/08\/IMG_3052-1200x547.jpeg 1200w\" sizes=\"auto, (max-width: 709px) 85vw, (max-width: 909px) 67vw, (max-width: 1362px) 62vw, 840px\" \/><\/figure>\n\n\n\n<p class=\"wp-block-paragraph\">Dem Museum geh\u00f6ren \u00fcber 2000 Kunstwerke, doch entt\u00e4uschte mich die Pr\u00e4sentation. Es gibt eine Dauerausstellung in einem \u00fcberschaubarem Raum, in dem einige seiner k\u00fcnstlerischen T\u00e4tigkeiten, wie beispielsweise Holzschnitt oder Kupferstich, erkl\u00e4rt werden. Doch sind nur wenige passende Bilder ausgestellt, die teilweise noch schlecht ausgeleuchtet waren. Einige Fotos und Zitate mit Erkl\u00e4rungen geben einen kleinen Einblick in das Leben von Horst Janssen. Auf zwei weiteren Etagen finden Sonderausstellungen statt, bei denen Bilder von Horst Janssen in Beziehung zu Werken anderen K\u00fcnstlern gesetzt werden. Wir sahen Textilarbeiten der K\u00fcnstlerin Andrea Ziegler, bei denen sich mir die Verbindung zu den Bildern von Janssen nicht immer erschlossen hat.<\/p>\n\n\n<div class=\"wp-block-image\">\n<figure class=\"aligncenter size-large is-resized\"><img loading=\"lazy\" decoding=\"async\" width=\"580\" height=\"1024\" src=\"https:\/\/www.libroart.de\/lindabroszeit\/wp-content\/uploads\/2026\/08\/IMG_3039-580x1024.jpeg\" alt=\"\" class=\"wp-image-32926\" style=\"aspect-ratio:0.5664160401002506;width:253px;height:auto\" srcset=\"https:\/\/www.libroart.de\/lindabroszeit\/wp-content\/uploads\/2026\/08\/IMG_3039-580x1024.jpeg 580w, https:\/\/www.libroart.de\/lindabroszeit\/wp-content\/uploads\/2026\/08\/IMG_3039-170x300.jpeg 170w, https:\/\/www.libroart.de\/lindabroszeit\/wp-content\/uploads\/2026\/08\/IMG_3039-768x1356.jpeg 768w, https:\/\/www.libroart.de\/lindabroszeit\/wp-content\/uploads\/2026\/08\/IMG_3039-870x1536.jpeg 870w, https:\/\/www.libroart.de\/lindabroszeit\/wp-content\/uploads\/2026\/08\/IMG_3039-scaled.jpeg 1024w\" sizes=\"auto, (max-width: 580px) 85vw, 580px\" \/><\/figure>\n<\/div>\n\n\n<p class=\"wp-block-paragraph\">Schade, aber ich wurde durch einen anderen Ort getr\u00f6stet, dem \u201ePark der G\u00e4rten\u201c in Bad Zwischenahn. In diesem Park wird in 40 Schaug\u00e4rten der Garten als Lebensraum f\u00fcr Menschen, Tiere und Pflanzen gefeiert. <br>Noch bis zum 13. September 26 findet in diesem Park zus\u00e4tzlich der \u201eLichtzauber\u201c statt, in dem die Anlage in traumhafte Landschaften verwandelt wird.<br>Wir h\u00e4tten schon am fr\u00fchen Nachmittag den Park besuchen sollen, um uns alles auch bei Tageslicht anzusehen, doch kamen wir erst gegen 19 Uhr an. F\u00fcr alle Einzelheiten der Schaug\u00e4rten war es jetzt zu sp\u00e4t, aber wir erfreuten uns noch an den sch\u00f6nen Beeten.<\/p>\n\n\n<div class=\"wp-block-image\">\n<figure class=\"aligncenter size-large is-resized\"><img loading=\"lazy\" decoding=\"async\" width=\"768\" height=\"1024\" src=\"https:\/\/www.libroart.de\/lindabroszeit\/wp-content\/uploads\/2026\/08\/86BEBED2-E705-444C-B5D1-FED69ADC8235-1-768x1024.jpeg\" alt=\"\" class=\"wp-image-32928\" style=\"width:491px;height:auto\" srcset=\"https:\/\/www.libroart.de\/lindabroszeit\/wp-content\/uploads\/2026\/08\/86BEBED2-E705-444C-B5D1-FED69ADC8235-1-768x1024.jpeg 768w, https:\/\/www.libroart.de\/lindabroszeit\/wp-content\/uploads\/2026\/08\/86BEBED2-E705-444C-B5D1-FED69ADC8235-1-225x300.jpeg 225w, https:\/\/www.libroart.de\/lindabroszeit\/wp-content\/uploads\/2026\/08\/86BEBED2-E705-444C-B5D1-FED69ADC8235-1-scaled.jpeg 1024w\" sizes=\"auto, (max-width: 709px) 85vw, (max-width: 909px) 67vw, (max-width: 984px) 61vw, (max-width: 1362px) 45vw, 600px\" \/><\/figure>\n<\/div>\n\n\n<p class=\"wp-block-paragraph\">Und dann wurde es dunkel\u2026<\/p>\n\n\n<div class=\"wp-block-image\">\n<figure class=\"aligncenter size-large is-resized\"><img loading=\"lazy\" decoding=\"async\" width=\"1024\" height=\"1024\" src=\"https:\/\/www.libroart.de\/lindabroszeit\/wp-content\/uploads\/2026\/08\/DD2421E8-FBAF-49DD-B0B2-655F1FB17893-1024x1024.jpeg\" alt=\"\" class=\"wp-image-32933\" style=\"width:555px;height:auto\" srcset=\"https:\/\/www.libroart.de\/lindabroszeit\/wp-content\/uploads\/2026\/08\/DD2421E8-FBAF-49DD-B0B2-655F1FB17893.jpeg 1024w, https:\/\/www.libroart.de\/lindabroszeit\/wp-content\/uploads\/2026\/08\/DD2421E8-FBAF-49DD-B0B2-655F1FB17893-300x300.jpeg 300w, https:\/\/www.libroart.de\/lindabroszeit\/wp-content\/uploads\/2026\/08\/DD2421E8-FBAF-49DD-B0B2-655F1FB17893-150x150.jpeg 150w, https:\/\/www.libroart.de\/lindabroszeit\/wp-content\/uploads\/2026\/08\/DD2421E8-FBAF-49DD-B0B2-655F1FB17893-768x768.jpeg 768w, https:\/\/www.libroart.de\/lindabroszeit\/wp-content\/uploads\/2026\/08\/DD2421E8-FBAF-49DD-B0B2-655F1FB17893-144x144.jpeg 144w, https:\/\/www.libroart.de\/lindabroszeit\/wp-content\/uploads\/2026\/08\/DD2421E8-FBAF-49DD-B0B2-655F1FB17893-120x120.jpeg 120w\" sizes=\"auto, (max-width: 709px) 85vw, (max-width: 909px) 67vw, (max-width: 1362px) 62vw, 840px\" \/><\/figure>\n<\/div>\n\n\n<p class=\"wp-block-paragraph\"><\/p>\n\n\n\n<p class=\"wp-block-paragraph\">War das sch\u00f6n! Im Grugapark von Essen gab es in der Vergangenheit \u00e4hnliche Veranstaltungen, doch diese gefiel mir besser, da die Motive sich zumeist an Vorbildern aus der Natur anlehnten (Keine Mickey Mouse oder Eiffelturm). Der Park schloss um 23 Uhr, wie nutzten die Zeit bis zum Ende. Trotz vieler Besucher war es eine entspannte Atmosph\u00e4re, da es in dem Park zig Sitzm\u00f6glichkeiten ganz unterschiedlicher Art gibt und hier wurde in kleiner oder auch gr\u00f6\u00dferer Runde gepicknickt. <\/p>\n\n\n\n<p class=\"wp-block-paragraph\">Das war mein n\u00f6rdlicher Farbrausch. An grauen Herbst-und Wintertage werde ich mich gerne an ihn erinnern.<\/p>\n\n\n\n<p class=\"wp-block-paragraph\">Au\u00dfer der Reihe erscheint morgen am Dienstag aus pers\u00f6nlichen Gr\u00fcnden ein Beitrag.<\/p>\n","protected":false},"excerpt":{"rendered":"<p>Letztes Wochenende waren wir erstmalig in Oldenburg und Bad Zwischenahn. Drei farbenfrohe Tage! Bei einem ersten Bummel durch die Oldenburger Innenstadt fiel uns zuerst das Schloss auf, das mich sofort an ein von mir hei\u00dfgeliebtes Zitronent\u00f6rtchen erinnerte. Auch im Schloss und den Nebengeb\u00e4uden konnte man durch die Gestaltung der R\u00e4ume in Farben schwelgen. Nur ein &hellip; <a href=\"https:\/\/www.libroart.de\/lindabroszeit\/2026\/08\/31\/farbrausch-im-norden\/\" class=\"more-link\"><span class=\"screen-reader-text\">\u201eFarbrausch im Norden\u201c <\/span>weiterlesen<\/a><\/p>\n","protected":false},"author":1,"featured_media":0,"comment_status":"open","ping_status":"open","sticky":false,"template":"","format":"standard","meta":{"ngg_post_thumbnail":0,"footnotes":""},"categories":[3,770,246],"tags":[4101,177,4102,4100],"class_list":["post-32905","post","type-post","status-publish","format-standard","hentry","category-mein-garten","category-museumsbesuche","category-schon-geschafft-meine-ausflugstipps-fuer-sie","tag-bad-zwischenahn","tag-farbe","tag-horst-janssen","tag-oldenburg"],"aioseo_notices":[],"aioseo_head":"\n\t\t<!-- All in One SEO 5.0.1.1 - aioseo.com -->\n\t<meta name=\"description\" content=\"Letztes Wochenende waren wir erstmalig in Oldenburg und Bad Zwischenahn. Drei farbenfrohe Tage! Bei einem ersten Bummel durch die Oldenburger Innenstadt fiel uns zuerst das Schloss auf, das mich sofort an ein von mir hei\u00dfgeliebtes Zitronent\u00f6rtchen erinnerte. Auch im Schloss und den Nebengeb\u00e4uden konnte man durch die Gestaltung der R\u00e4ume in Farben schwelgen. Nur ein\" \/>\n\t<meta name=\"robots\" content=\"max-image-preview:large\" \/>\n\t<meta name=\"author\" content=\"linda\"\/>\n\t<meta name=\"keywords\" content=\"bad zwischenahn,farbe,horst janssen,oldenburg,gartenliebe,museumsbesuche,reisetipps\" \/>\n\t<link rel=\"canonical\" href=\"https:\/\/www.libroart.de\/lindabroszeit\/2026\/08\/31\/farbrausch-im-norden\/\" \/>\n\t<meta name=\"generator\" content=\"All in One SEO (AIOSEO) 5.0.1.1\" \/>\n\t\t<meta property=\"og:locale\" content=\"de_DE\" \/>\n\t\t<meta property=\"og:site_name\" content=\"Linda Broszeit | Wer nicht neugierig bleibt, wird nur noch \u00e4lter (Marianne Frauchiger)\" \/>\n\t\t<meta property=\"og:type\" content=\"article\" \/>\n\t\t<meta property=\"og:title\" content=\"Farbrausch im Norden | Linda Broszeit\" \/>\n\t\t<meta property=\"og:description\" content=\"Letztes Wochenende waren wir erstmalig in Oldenburg und Bad Zwischenahn. Drei farbenfrohe Tage! Bei einem ersten Bummel durch die Oldenburger Innenstadt fiel uns zuerst das Schloss auf, das mich sofort an ein von mir hei\u00dfgeliebtes Zitronent\u00f6rtchen erinnerte. Auch im Schloss und den Nebengeb\u00e4uden konnte man durch die Gestaltung der R\u00e4ume in Farben schwelgen. Nur ein\" \/>\n\t\t<meta property=\"og:url\" content=\"https:\/\/www.libroart.de\/lindabroszeit\/2026\/08\/31\/farbrausch-im-norden\/\" \/>\n\t\t<meta property=\"article:published_time\" content=\"2026-08-30T23:34:00+00:00\" \/>\n\t\t<meta property=\"article:modified_time\" content=\"2026-08-30T09:43:58+00:00\" \/>\n\t\t<meta name=\"twitter:card\" content=\"summary\" \/>\n\t\t<meta name=\"twitter:title\" content=\"Farbrausch im Norden | Linda Broszeit\" \/>\n\t\t<meta name=\"twitter:description\" content=\"Letztes Wochenende waren wir erstmalig in Oldenburg und Bad Zwischenahn. Drei farbenfrohe Tage! Bei einem ersten Bummel durch die Oldenburger Innenstadt fiel uns zuerst das Schloss auf, das mich sofort an ein von mir hei\u00dfgeliebtes Zitronent\u00f6rtchen erinnerte. Auch im Schloss und den Nebengeb\u00e4uden konnte man durch die Gestaltung der R\u00e4ume in Farben schwelgen. Nur ein\" \/>\n\t\t<script type=\"application\/ld+json\" class=\"aioseo-schema\">\n\t\t\t{\"@context\":\"https:\\\/\\\/schema.org\",\"@graph\":[{\"@type\":\"Article\",\"@id\":\"https:\\\/\\\/www.libroart.de\\\/lindabroszeit\\\/2026\\\/08\\\/31\\\/farbrausch-im-norden\\\/#article\",\"name\":\"Farbrausch im Norden | Linda Broszeit\",\"headline\":\"Farbrausch im Norden\",\"author\":{\"@id\":\"https:\\\/\\\/www.libroart.de\\\/lindabroszeit\\\/author\\\/linda\\\/#author\"},\"publisher\":{\"@id\":\"https:\\\/\\\/www.libroart.de\\\/lindabroszeit\\\/#person\"},\"image\":{\"@type\":\"ImageObject\",\"url\":\"https:\\\/\\\/www.libroart.de\\\/lindabroszeit\\\/wp-content\\\/uploads\\\/2026\\\/08\\\/67D25474-32BB-4130-A524-D3FE7D4CD93B.jpeg\",\"@id\":\"https:\\\/\\\/www.libroart.de\\\/lindabroszeit\\\/2026\\\/08\\\/31\\\/farbrausch-im-norden\\\/#articleImage\",\"width\":1024,\"height\":1024},\"datePublished\":\"2026-08-31T01:34:00+02:00\",\"dateModified\":\"2026-08-30T11:43:58+02:00\",\"inLanguage\":\"de-DE\",\"mainEntityOfPage\":{\"@id\":\"https:\\\/\\\/www.libroart.de\\\/lindabroszeit\\\/2026\\\/08\\\/31\\\/farbrausch-im-norden\\\/#webpage\"},\"isPartOf\":{\"@id\":\"https:\\\/\\\/www.libroart.de\\\/lindabroszeit\\\/2026\\\/08\\\/31\\\/farbrausch-im-norden\\\/#webpage\"},\"articleSection\":\"Gartenliebe, Museumsbesuche, Reisetipps, Bad Zwischenahn, Farbe, Horst Janssen, Oldenburg\"},{\"@type\":\"BreadcrumbList\",\"@id\":\"https:\\\/\\\/www.libroart.de\\\/lindabroszeit\\\/2026\\\/08\\\/31\\\/farbrausch-im-norden\\\/#breadcrumblist\",\"itemListElement\":[{\"@type\":\"ListItem\",\"@id\":\"https:\\\/\\\/www.libroart.de\\\/lindabroszeit#listItem\",\"position\":1,\"name\":\"Home\",\"item\":\"https:\\\/\\\/www.libroart.de\\\/lindabroszeit\",\"nextItem\":{\"@type\":\"ListItem\",\"@id\":\"https:\\\/\\\/www.libroart.de\\\/lindabroszeit\\\/category\\\/mein-garten\\\/#listItem\",\"name\":\"Gartenliebe\"}},{\"@type\":\"ListItem\",\"@id\":\"https:\\\/\\\/www.libroart.de\\\/lindabroszeit\\\/category\\\/mein-garten\\\/#listItem\",\"position\":2,\"name\":\"Gartenliebe\",\"item\":\"https:\\\/\\\/www.libroart.de\\\/lindabroszeit\\\/category\\\/mein-garten\\\/\",\"nextItem\":{\"@type\":\"ListItem\",\"@id\":\"https:\\\/\\\/www.libroart.de\\\/lindabroszeit\\\/2026\\\/08\\\/31\\\/farbrausch-im-norden\\\/#listItem\",\"name\":\"Farbrausch im Norden\"},\"previousItem\":{\"@type\":\"ListItem\",\"@id\":\"https:\\\/\\\/www.libroart.de\\\/lindabroszeit#listItem\",\"name\":\"Home\"}},{\"@type\":\"ListItem\",\"@id\":\"https:\\\/\\\/www.libroart.de\\\/lindabroszeit\\\/2026\\\/08\\\/31\\\/farbrausch-im-norden\\\/#listItem\",\"position\":3,\"name\":\"Farbrausch im Norden\",\"previousItem\":{\"@type\":\"ListItem\",\"@id\":\"https:\\\/\\\/www.libroart.de\\\/lindabroszeit\\\/category\\\/mein-garten\\\/#listItem\",\"name\":\"Gartenliebe\"}}]},{\"@type\":\"Person\",\"@id\":\"https:\\\/\\\/www.libroart.de\\\/lindabroszeit\\\/#person\",\"name\":\"linda\",\"image\":{\"@type\":\"ImageObject\",\"@id\":\"https:\\\/\\\/www.libroart.de\\\/lindabroszeit\\\/2026\\\/08\\\/31\\\/farbrausch-im-norden\\\/#personImage\",\"url\":\"https:\\\/\\\/secure.gravatar.com\\\/avatar\\\/8d0f2d903c12b96ff4577d46cfb0a797949775e68fe33dc41c3f43b58bf56266?s=96&d=mm&r=g\",\"width\":96,\"height\":96,\"caption\":\"linda\"}},{\"@type\":\"Person\",\"@id\":\"https:\\\/\\\/www.libroart.de\\\/lindabroszeit\\\/author\\\/linda\\\/#author\",\"url\":\"https:\\\/\\\/www.libroart.de\\\/lindabroszeit\\\/author\\\/linda\\\/\",\"name\":\"linda\",\"image\":{\"@type\":\"ImageObject\",\"@id\":\"https:\\\/\\\/www.libroart.de\\\/lindabroszeit\\\/2026\\\/08\\\/31\\\/farbrausch-im-norden\\\/#authorImage\",\"url\":\"https:\\\/\\\/secure.gravatar.com\\\/avatar\\\/8d0f2d903c12b96ff4577d46cfb0a797949775e68fe33dc41c3f43b58bf56266?s=96&d=mm&r=g\",\"width\":96,\"height\":96,\"caption\":\"linda\"}},{\"@type\":\"WebPage\",\"@id\":\"https:\\\/\\\/www.libroart.de\\\/lindabroszeit\\\/2026\\\/08\\\/31\\\/farbrausch-im-norden\\\/#webpage\",\"url\":\"https:\\\/\\\/www.libroart.de\\\/lindabroszeit\\\/2026\\\/08\\\/31\\\/farbrausch-im-norden\\\/\",\"name\":\"Farbrausch im Norden | Linda Broszeit\",\"description\":\"Letztes Wochenende waren wir erstmalig in Oldenburg und Bad Zwischenahn. Drei farbenfrohe Tage! Bei einem ersten Bummel durch die Oldenburger Innenstadt fiel uns zuerst das Schloss auf, das mich sofort an ein von mir hei\\u00dfgeliebtes Zitronent\\u00f6rtchen erinnerte. Auch im Schloss und den Nebengeb\\u00e4uden konnte man durch die Gestaltung der R\\u00e4ume in Farben schwelgen. Nur ein\",\"inLanguage\":\"de-DE\",\"isPartOf\":{\"@id\":\"https:\\\/\\\/www.libroart.de\\\/lindabroszeit\\\/#website\"},\"breadcrumb\":{\"@id\":\"https:\\\/\\\/www.libroart.de\\\/lindabroszeit\\\/2026\\\/08\\\/31\\\/farbrausch-im-norden\\\/#breadcrumblist\"},\"author\":{\"@id\":\"https:\\\/\\\/www.libroart.de\\\/lindabroszeit\\\/author\\\/linda\\\/#author\"},\"creator\":{\"@id\":\"https:\\\/\\\/www.libroart.de\\\/lindabroszeit\\\/author\\\/linda\\\/#author\"},\"datePublished\":\"2026-08-31T01:34:00+02:00\",\"dateModified\":\"2026-08-30T11:43:58+02:00\"},{\"@type\":\"WebSite\",\"@id\":\"https:\\\/\\\/www.libroart.de\\\/lindabroszeit\\\/#website\",\"url\":\"https:\\\/\\\/www.libroart.de\\\/lindabroszeit\\\/\",\"name\":\"Literatur, Musik, Umwelt, Kunst, Reise- Viele Ideen von Linda Broszeit\",\"alternateName\":\"Der Blog aus Duisburg\",\"description\":\"Wer nicht neugierig bleibt, wird nur noch \\u00e4lter (Marianne Frauchiger)\",\"inLanguage\":\"de-DE\",\"publisher\":{\"@id\":\"https:\\\/\\\/www.libroart.de\\\/lindabroszeit\\\/#person\"}}]}\n\t\t<\/script>\n\t\t<!-- All in One SEO -->\n\n","aioseo_head_json":{"title":"Farbrausch im Norden | Linda Broszeit","description":"Letztes Wochenende waren wir erstmalig in Oldenburg und Bad Zwischenahn. Drei farbenfrohe Tage! Bei einem ersten Bummel durch die Oldenburger Innenstadt fiel uns zuerst das Schloss auf, das mich sofort an ein von mir hei\u00dfgeliebtes Zitronent\u00f6rtchen erinnerte. Auch im Schloss und den Nebengeb\u00e4uden konnte man durch die Gestaltung der R\u00e4ume in Farben schwelgen. Nur ein","canonical_url":"https:\/\/www.libroart.de\/lindabroszeit\/2026\/08\/31\/farbrausch-im-norden\/","robots":"max-image-preview:large","keywords":"bad zwischenahn,farbe,horst janssen,oldenburg,gartenliebe,museumsbesuche,reisetipps","webmasterTools":{"miscellaneous":""},"schema":{"@context":"https:\/\/schema.org","@graph":[{"@type":"Article","@id":"https:\/\/www.libroart.de\/lindabroszeit\/2026\/08\/31\/farbrausch-im-norden\/#article","name":"Farbrausch im Norden | Linda Broszeit","headline":"Farbrausch im Norden","author":{"@id":"https:\/\/www.libroart.de\/lindabroszeit\/author\/linda\/#author"},"publisher":{"@id":"https:\/\/www.libroart.de\/lindabroszeit\/#person"},"image":{"@type":"ImageObject","url":"https:\/\/www.libroart.de\/lindabroszeit\/wp-content\/uploads\/2026\/08\/67D25474-32BB-4130-A524-D3FE7D4CD93B.jpeg","@id":"https:\/\/www.libroart.de\/lindabroszeit\/2026\/08\/31\/farbrausch-im-norden\/#articleImage","width":1024,"height":1024},"datePublished":"2026-08-31T01:34:00+02:00","dateModified":"2026-08-30T11:43:58+02:00","inLanguage":"de-DE","mainEntityOfPage":{"@id":"https:\/\/www.libroart.de\/lindabroszeit\/2026\/08\/31\/farbrausch-im-norden\/#webpage"},"isPartOf":{"@id":"https:\/\/www.libroart.de\/lindabroszeit\/2026\/08\/31\/farbrausch-im-norden\/#webpage"},"articleSection":"Gartenliebe, Museumsbesuche, Reisetipps, Bad Zwischenahn, Farbe, Horst Janssen, Oldenburg"},{"@type":"BreadcrumbList","@id":"https:\/\/www.libroart.de\/lindabroszeit\/2026\/08\/31\/farbrausch-im-norden\/#breadcrumblist","itemListElement":[{"@type":"ListItem","@id":"https:\/\/www.libroart.de\/lindabroszeit#listItem","position":1,"name":"Home","item":"https:\/\/www.libroart.de\/lindabroszeit","nextItem":{"@type":"ListItem","@id":"https:\/\/www.libroart.de\/lindabroszeit\/category\/mein-garten\/#listItem","name":"Gartenliebe"}},{"@type":"ListItem","@id":"https:\/\/www.libroart.de\/lindabroszeit\/category\/mein-garten\/#listItem","position":2,"name":"Gartenliebe","item":"https:\/\/www.libroart.de\/lindabroszeit\/category\/mein-garten\/","nextItem":{"@type":"ListItem","@id":"https:\/\/www.libroart.de\/lindabroszeit\/2026\/08\/31\/farbrausch-im-norden\/#listItem","name":"Farbrausch im Norden"},"previousItem":{"@type":"ListItem","@id":"https:\/\/www.libroart.de\/lindabroszeit#listItem","name":"Home"}},{"@type":"ListItem","@id":"https:\/\/www.libroart.de\/lindabroszeit\/2026\/08\/31\/farbrausch-im-norden\/#listItem","position":3,"name":"Farbrausch im Norden","previousItem":{"@type":"ListItem","@id":"https:\/\/www.libroart.de\/lindabroszeit\/category\/mein-garten\/#listItem","name":"Gartenliebe"}}]},{"@type":"Person","@id":"https:\/\/www.libroart.de\/lindabroszeit\/#person","name":"linda","image":{"@type":"ImageObject","@id":"https:\/\/www.libroart.de\/lindabroszeit\/2026\/08\/31\/farbrausch-im-norden\/#personImage","url":"https:\/\/secure.gravatar.com\/avatar\/8d0f2d903c12b96ff4577d46cfb0a797949775e68fe33dc41c3f43b58bf56266?s=96&d=mm&r=g","width":96,"height":96,"caption":"linda"}},{"@type":"Person","@id":"https:\/\/www.libroart.de\/lindabroszeit\/author\/linda\/#author","url":"https:\/\/www.libroart.de\/lindabroszeit\/author\/linda\/","name":"linda","image":{"@type":"ImageObject","@id":"https:\/\/www.libroart.de\/lindabroszeit\/2026\/08\/31\/farbrausch-im-norden\/#authorImage","url":"https:\/\/secure.gravatar.com\/avatar\/8d0f2d903c12b96ff4577d46cfb0a797949775e68fe33dc41c3f43b58bf56266?s=96&d=mm&r=g","width":96,"height":96,"caption":"linda"}},{"@type":"WebPage","@id":"https:\/\/www.libroart.de\/lindabroszeit\/2026\/08\/31\/farbrausch-im-norden\/#webpage","url":"https:\/\/www.libroart.de\/lindabroszeit\/2026\/08\/31\/farbrausch-im-norden\/","name":"Farbrausch im Norden | Linda Broszeit","description":"Letztes Wochenende waren wir erstmalig in Oldenburg und Bad Zwischenahn. Drei farbenfrohe Tage! Bei einem ersten Bummel durch die Oldenburger Innenstadt fiel uns zuerst das Schloss auf, das mich sofort an ein von mir hei\u00dfgeliebtes Zitronent\u00f6rtchen erinnerte. Auch im Schloss und den Nebengeb\u00e4uden konnte man durch die Gestaltung der R\u00e4ume in Farben schwelgen. Nur ein","inLanguage":"de-DE","isPartOf":{"@id":"https:\/\/www.libroart.de\/lindabroszeit\/#website"},"breadcrumb":{"@id":"https:\/\/www.libroart.de\/lindabroszeit\/2026\/08\/31\/farbrausch-im-norden\/#breadcrumblist"},"author":{"@id":"https:\/\/www.libroart.de\/lindabroszeit\/author\/linda\/#author"},"creator":{"@id":"https:\/\/www.libroart.de\/lindabroszeit\/author\/linda\/#author"},"datePublished":"2026-08-31T01:34:00+02:00","dateModified":"2026-08-30T11:43:58+02:00"},{"@type":"WebSite","@id":"https:\/\/www.libroart.de\/lindabroszeit\/#website","url":"https:\/\/www.libroart.de\/lindabroszeit\/","name":"Literatur, Musik, Umwelt, Kunst, Reise- Viele Ideen von Linda Broszeit","alternateName":"Der Blog aus Duisburg","description":"Wer nicht neugierig bleibt, wird nur noch \u00e4lter (Marianne Frauchiger)","inLanguage":"de-DE","publisher":{"@id":"https:\/\/www.libroart.de\/lindabroszeit\/#person"}}]},"og:locale":"de_DE","og:site_name":"Linda Broszeit | Wer nicht neugierig bleibt, wird nur noch \u00e4lter (Marianne Frauchiger)","og:type":"article","og:title":"Farbrausch im Norden | Linda Broszeit","og:description":"Letztes Wochenende waren wir erstmalig in Oldenburg und Bad Zwischenahn. Drei farbenfrohe Tage! Bei einem ersten Bummel durch die Oldenburger Innenstadt fiel uns zuerst das Schloss auf, das mich sofort an ein von mir hei\u00dfgeliebtes Zitronent\u00f6rtchen erinnerte. Auch im Schloss und den Nebengeb\u00e4uden konnte man durch die Gestaltung der R\u00e4ume in Farben schwelgen. Nur ein","og:url":"https:\/\/www.libroart.de\/lindabroszeit\/2026\/08\/31\/farbrausch-im-norden\/","article:published_time":"2026-08-30T23:34:00+00:00","article:modified_time":"2026-08-30T09:43:58+00:00","twitter:card":"summary","twitter:title":"Farbrausch im Norden | Linda Broszeit","twitter:description":"Letztes Wochenende waren wir erstmalig in Oldenburg und Bad Zwischenahn. Drei farbenfrohe Tage! Bei einem ersten Bummel durch die Oldenburger Innenstadt fiel uns zuerst das Schloss auf, das mich sofort an ein von mir hei\u00dfgeliebtes Zitronent\u00f6rtchen erinnerte. Auch im Schloss und den Nebengeb\u00e4uden konnte man durch die Gestaltung der R\u00e4ume in Farben schwelgen. Nur ein"},"aioseo_meta_data":{"post_id":"32905","title":null,"description":null,"keywords":null,"keyphrases":{"focus":{"keyphrase":"","score":0,"analysis":{"keyphraseInTitle":{"score":0,"maxScore":9,"error":1}}},"additional":[]},"primary_term":null,"canonical_url":null,"og_title":null,"og_description":null,"og_object_type":"default","og_image_type":"default","og_image_url":null,"og_image_width":null,"og_image_height":null,"og_image_custom_url":null,"og_image_custom_fields":null,"og_video":"","og_custom_url":null,"og_article_section":null,"og_article_tags":null,"twitter_use_og":false,"twitter_card":"default","twitter_image_type":"default","twitter_image_url":null,"twitter_image_custom_url":null,"twitter_image_custom_fields":null,"twitter_title":null,"twitter_description":null,"schema":{"blockGraphs":[],"customGraphs":[],"default":{"data":{"Article":[],"Course":[],"Dataset":[],"FAQPage":[],"Movie":[],"Person":[],"Product":[],"ProductReview":[],"Car":[],"Recipe":[],"Service":[],"SoftwareApplication":[],"WebPage":[]},"graphName":"Article","isEnabled":true},"graphs":[]},"schema_type":"default","schema_type_options":null,"pillar_content":false,"robots_default":true,"robots_noindex":false,"robots_noarchive":false,"robots_nosnippet":false,"robots_nofollow":false,"robots_noimageindex":false,"robots_noodp":false,"robots_notranslate":false,"robots_max_snippet":"-1","robots_max_videopreview":"-1","robots_max_imagepreview":"large","priority":null,"frequency":"default","local_seo":null,"breadcrumb_settings":null,"limit_modified_date":false,"ai":{"faqs":[],"keyPoints":[],"schemas":[],"titles":[],"descriptions":[],"socialPosts":{"email":{"subject":"","preview":"","content":""},"linkedin":[],"twitter":[],"facebook":[],"instagram":[]}},"created":"2026-08-26 15:34:00","updated":"2026-08-30 23:36:12","seo_analyzer_scan_date":null,"focus_keyword":null,"additional_keywords":null,"truseo_locale":null},"_links":{"self":[{"href":"https:\/\/www.libroart.de\/lindabroszeit\/wp-json\/wp\/v2\/posts\/32905","targetHints":{"allow":["GET"]}}],"collection":[{"href":"https:\/\/www.libroart.de\/lindabroszeit\/wp-json\/wp\/v2\/posts"}],"about":[{"href":"https:\/\/www.libroart.de\/lindabroszeit\/wp-json\/wp\/v2\/types\/post"}],"author":[{"embeddable":true,"href":"https:\/\/www.libroart.de\/lindabroszeit\/wp-json\/wp\/v2\/users\/1"}],"replies":[{"embeddable":true,"href":"https:\/\/www.libroart.de\/lindabroszeit\/wp-json\/wp\/v2\/comments?post=32905"}],"version-history":[{"count":13,"href":"https:\/\/www.libroart.de\/lindabroszeit\/wp-json\/wp\/v2\/posts\/32905\/revisions"}],"predecessor-version":[{"id":32985,"href":"https:\/\/www.libroart.de\/lindabroszeit\/wp-json\/wp\/v2\/posts\/32905\/revisions\/32985"}],"wp:attachment":[{"href":"https:\/\/www.libroart.de\/lindabroszeit\/wp-json\/wp\/v2\/media?parent=32905"}],"wp:term":[{"taxonomy":"category","embeddable":true,"href":"https:\/\/www.libroart.de\/lindabroszeit\/wp-json\/wp\/v2\/categories?post=32905"},{"taxonomy":"post_tag","embeddable":true,"href":"https:\/\/www.libroart.de\/lindabroszeit\/wp-json\/wp\/v2\/tags?post=32905"}],"curies":[{"name":"wp","href":"https:\/\/api.w.org\/{rel}","templated":true}]}}