{"id":31624,"date":"2026-04-27T01:35:00","date_gmt":"2026-04-26T23:35:00","guid":{"rendered":"https:\/\/www.libroart.de\/lindabroszeit\/?p=31624"},"modified":"2026-04-26T23:14:45","modified_gmt":"2026-04-26T21:14:45","slug":"besuch-der-eu-in-bruessel","status":"publish","type":"post","link":"https:\/\/www.libroart.de\/lindabroszeit\/2026\/04\/27\/besuch-der-eu-in-bruessel\/","title":{"rendered":"Besuch der EU in Br\u00fcssel"},"content":{"rendered":"\n<p>Die Duisburger Volkshochschule bietet seit mehreren Jahren diese Fahrt an.<\/p>\n\n\n<div class=\"wp-block-image\">\n<figure class=\"aligncenter size-large is-resized\"><img loading=\"lazy\" decoding=\"async\" width=\"709\" height=\"1024\" src=\"https:\/\/www.libroart.de\/lindabroszeit\/wp-content\/uploads\/2026\/04\/IMG_9180-709x1024.jpeg\" alt=\"\" class=\"wp-image-31661\" style=\"width:276px;height:auto\" srcset=\"https:\/\/www.libroart.de\/lindabroszeit\/wp-content\/uploads\/2026\/04\/IMG_9180-709x1024.jpeg 709w, https:\/\/www.libroart.de\/lindabroszeit\/wp-content\/uploads\/2026\/04\/IMG_9180-208x300.jpeg 208w, https:\/\/www.libroart.de\/lindabroszeit\/wp-content\/uploads\/2026\/04\/IMG_9180-768x1109.jpeg 768w, https:\/\/www.libroart.de\/lindabroszeit\/wp-content\/uploads\/2026\/04\/IMG_9180.jpeg 1024w\" sizes=\"auto, (max-width: 709px) 85vw, (max-width: 909px) 67vw, (max-width: 984px) 61vw, (max-width: 1362px) 45vw, 600px\" \/><\/figure><\/div>\n\n\n<p>In diesem Fr\u00fchling waren wir dabei und fuhren nach Br\u00fcssel.<\/p>\n\n\n<div class=\"wp-block-image\">\n<figure class=\"aligncenter size-large is-resized\"><img loading=\"lazy\" decoding=\"async\" width=\"1024\" height=\"1024\" src=\"https:\/\/www.libroart.de\/lindabroszeit\/wp-content\/uploads\/2026\/04\/3F869E1E-BACE-40AB-82FC-CE057042830E-1024x1024.jpeg\" alt=\"\" class=\"wp-image-31652\" style=\"width:520px;height:auto\" srcset=\"https:\/\/www.libroart.de\/lindabroszeit\/wp-content\/uploads\/2026\/04\/3F869E1E-BACE-40AB-82FC-CE057042830E.jpeg 1024w, https:\/\/www.libroart.de\/lindabroszeit\/wp-content\/uploads\/2026\/04\/3F869E1E-BACE-40AB-82FC-CE057042830E-300x300.jpeg 300w, https:\/\/www.libroart.de\/lindabroszeit\/wp-content\/uploads\/2026\/04\/3F869E1E-BACE-40AB-82FC-CE057042830E-150x150.jpeg 150w, https:\/\/www.libroart.de\/lindabroszeit\/wp-content\/uploads\/2026\/04\/3F869E1E-BACE-40AB-82FC-CE057042830E-768x768.jpeg 768w, https:\/\/www.libroart.de\/lindabroszeit\/wp-content\/uploads\/2026\/04\/3F869E1E-BACE-40AB-82FC-CE057042830E-144x144.jpeg 144w, https:\/\/www.libroart.de\/lindabroszeit\/wp-content\/uploads\/2026\/04\/3F869E1E-BACE-40AB-82FC-CE057042830E-120x120.jpeg 120w\" sizes=\"auto, (max-width: 709px) 85vw, (max-width: 909px) 67vw, (max-width: 1362px) 62vw, 840px\" \/><\/figure><\/div>\n\n\n<p>Nach drei Stunden Busfahrt erreichten wir das EU-Viertel und nach unserer Legitimation als Besucher wurden wir von einer Dame empfangen, die uns eine einst\u00fcndige Einf\u00fchrung rund um das Thema EU geben wollte. Fragen waren von Seiten des Publikums jederzeit m\u00f6glich.<\/p>\n\n\n<div class=\"wp-block-image\">\n<figure class=\"aligncenter size-large is-resized\"><img loading=\"lazy\" decoding=\"async\" width=\"1024\" height=\"627\" src=\"https:\/\/www.libroart.de\/lindabroszeit\/wp-content\/uploads\/2026\/04\/IMG_9416-1024x627.jpeg\" alt=\"\" class=\"wp-image-31651\" style=\"width:538px;height:auto\" srcset=\"https:\/\/www.libroart.de\/lindabroszeit\/wp-content\/uploads\/2026\/04\/IMG_9416-1024x627.jpeg 1024w, https:\/\/www.libroart.de\/lindabroszeit\/wp-content\/uploads\/2026\/04\/IMG_9416-300x184.jpeg 300w, https:\/\/www.libroart.de\/lindabroszeit\/wp-content\/uploads\/2026\/04\/IMG_9416-768x471.jpeg 768w, https:\/\/www.libroart.de\/lindabroszeit\/wp-content\/uploads\/2026\/04\/IMG_9416-1536x941.jpeg 1536w, https:\/\/www.libroart.de\/lindabroszeit\/wp-content\/uploads\/2026\/04\/IMG_9416-scaled.jpeg 1671w, https:\/\/www.libroart.de\/lindabroszeit\/wp-content\/uploads\/2026\/04\/IMG_9416-1200x735.jpeg 1200w\" sizes=\"auto, (max-width: 709px) 85vw, (max-width: 909px) 67vw, (max-width: 1362px) 62vw, 840px\" \/><\/figure><\/div>\n\n\n<p><br>Bereits die ersten Grafiken ihrer vorbereiteten Powerpointpr\u00e4sentation l\u00f6sten Fragen und Diskussionen aus. Die Gastgeberin stand sehr engagiert Rede und Antwort, bei kritischen Fragen versuchte sie mit geschulter Rhetorik Schwierigkeiten bei der Durchsetzung von Gesetzen und Missst\u00e4nde zu erkl\u00e4ren und gab an einigen Stellen auch Handlungsbedarf zu. Nach 60 Minuten hatten wir ca. nur ein Drittel der Grafiken gesehen, waren aber trotzdem um einiges kl\u00fcger, wenn es um Arbeitsabl\u00e4ufe, Zust\u00e4ndigkeiten, Fraktionszusammensetzungen oder Abstimmungen ging.<br>Wir suchte danach den Plenarsaal auf, der mich mit seiner Gr\u00f6\u00dfe beeindruckte. Hier bekamen wir noch Erkl\u00e4rungen zu der Sitzordnung der 720 Abgeordneten und das Thema Dolmetschen wurde ausf\u00fchrlich erl\u00e4utert. Nach der Besichtigung machten wir noch einen kurzen Spaziergang im EU-Viertel und fuhren anschlie\u00dfend in die Br\u00fcsseler Innenstadt zum \u201eGrand Place\u201c. Hier hatten wir zwei Stunden zur freien Verf\u00fcgung.<\/p>\n\n\n<div class=\"wp-block-image\">\n<figure class=\"aligncenter size-large is-resized\"><img loading=\"lazy\" decoding=\"async\" width=\"1024\" height=\"1024\" src=\"https:\/\/www.libroart.de\/lindabroszeit\/wp-content\/uploads\/2026\/04\/5DB41D53-6A95-404F-8818-C482089A069A-1024x1024.jpeg\" alt=\"\" class=\"wp-image-31654\" style=\"width:573px;height:auto\" srcset=\"https:\/\/www.libroart.de\/lindabroszeit\/wp-content\/uploads\/2026\/04\/5DB41D53-6A95-404F-8818-C482089A069A.jpeg 1024w, https:\/\/www.libroart.de\/lindabroszeit\/wp-content\/uploads\/2026\/04\/5DB41D53-6A95-404F-8818-C482089A069A-300x300.jpeg 300w, https:\/\/www.libroart.de\/lindabroszeit\/wp-content\/uploads\/2026\/04\/5DB41D53-6A95-404F-8818-C482089A069A-150x150.jpeg 150w, https:\/\/www.libroart.de\/lindabroszeit\/wp-content\/uploads\/2026\/04\/5DB41D53-6A95-404F-8818-C482089A069A-768x768.jpeg 768w, https:\/\/www.libroart.de\/lindabroszeit\/wp-content\/uploads\/2026\/04\/5DB41D53-6A95-404F-8818-C482089A069A-144x144.jpeg 144w, https:\/\/www.libroart.de\/lindabroszeit\/wp-content\/uploads\/2026\/04\/5DB41D53-6A95-404F-8818-C482089A069A-120x120.jpeg 120w\" sizes=\"auto, (max-width: 709px) 85vw, (max-width: 909px) 67vw, (max-width: 1362px) 62vw, 840px\" \/><figcaption class=\"wp-element-caption\">Oben rechts der \u201eGrand Place\u201c, darunter eine Passage, in der es u.a. mehrere ber\u00fchmte Schokoladengesch\u00e4fte gibt. Links Mitte und unten eine alte Markthalle, die jetzt f\u00fcr Veranstaltungen genutzt wird.<\/figcaption><\/figure><\/div>\n\n<div class=\"wp-block-image\">\n<figure class=\"aligncenter size-large is-resized\"><img loading=\"lazy\" decoding=\"async\" width=\"1024\" height=\"1024\" src=\"https:\/\/www.libroart.de\/lindabroszeit\/wp-content\/uploads\/2026\/04\/B9226821-095E-42FF-9FF9-69FE13F03489-1024x1024.jpeg\" alt=\"\" class=\"wp-image-31656\" style=\"width:578px;height:auto\" srcset=\"https:\/\/www.libroart.de\/lindabroszeit\/wp-content\/uploads\/2026\/04\/B9226821-095E-42FF-9FF9-69FE13F03489.jpeg 1024w, https:\/\/www.libroart.de\/lindabroszeit\/wp-content\/uploads\/2026\/04\/B9226821-095E-42FF-9FF9-69FE13F03489-300x300.jpeg 300w, https:\/\/www.libroart.de\/lindabroszeit\/wp-content\/uploads\/2026\/04\/B9226821-095E-42FF-9FF9-69FE13F03489-150x150.jpeg 150w, https:\/\/www.libroart.de\/lindabroszeit\/wp-content\/uploads\/2026\/04\/B9226821-095E-42FF-9FF9-69FE13F03489-768x768.jpeg 768w, https:\/\/www.libroart.de\/lindabroszeit\/wp-content\/uploads\/2026\/04\/B9226821-095E-42FF-9FF9-69FE13F03489-144x144.jpeg 144w, https:\/\/www.libroart.de\/lindabroszeit\/wp-content\/uploads\/2026\/04\/B9226821-095E-42FF-9FF9-69FE13F03489-120x120.jpeg 120w\" sizes=\"auto, (max-width: 709px) 85vw, (max-width: 909px) 67vw, (max-width: 1362px) 62vw, 840px\" \/><figcaption class=\"wp-element-caption\">Rechts die Kathedrale St. Michael und St. Gudula, links zwei Beispiele, f\u00fcr die Pr\u00e4senz von Comicfiguren in Br\u00fcssel. Der Hinweis in der Mitte gefiel mir.<\/figcaption><\/figure><\/div>\n\n\n<p>Mein Res\u00fcmee: Ich bin froh, dass ich an dieser Fahrt teilgenommen habe. Meine Einstellung zur EU war vorher \u201epositiv mit Abstrichen\u201c, jetzt sind es ein paar Abstriche weniger und ich wei\u00df die Leistungen der EU in den vergangenen Jahrzehnten mehr zu sch\u00e4tzen. <br>Gefreut hat mich, dass wir zahlreiche Schulklassen in dem Parlamentsgeb\u00e4ude getroffen haben. Sie kamen beispielsweise aus Th\u00fcringen, Spanien, aus der Schweiz und auch aus England! Schade war, dass kein Parlamentsmitglied die Zeit fand, unsere Gruppe zu empfangen und einen pers\u00f6nlichen Einblick in seine Arbeit zu geben.<br>So w\u00fcnsche ich mir nun noch mehr, dass in den Medien \u00f6fter \u00fcber die Arbeit der EU geschrieben wird, um die Transparenz und das Verst\u00e4ndnis f\u00fcr die EU und ihren Leistungen zu erh\u00f6hen. <br><\/p>\n\n\n\n<p><\/p>\n","protected":false},"excerpt":{"rendered":"<p>Die Duisburger Volkshochschule bietet seit mehreren Jahren diese Fahrt an. In diesem Fr\u00fchling waren wir dabei und fuhren nach Br\u00fcssel. Nach drei Stunden Busfahrt erreichten wir das EU-Viertel und nach unserer Legitimation als Besucher wurden wir von einer Dame empfangen, die uns eine einst\u00fcndige Einf\u00fchrung rund um das Thema EU geben wollte. Fragen waren von &hellip; <a href=\"https:\/\/www.libroart.de\/lindabroszeit\/2026\/04\/27\/besuch-der-eu-in-bruessel\/\" class=\"more-link\"><span class=\"screen-reader-text\">\u201eBesuch der EU in Br\u00fcssel\u201c<\/span> weiterlesen<\/a><\/p>\n","protected":false},"author":1,"featured_media":0,"comment_status":"open","ping_status":"open","sticky":false,"template":"","format":"standard","meta":{"ngg_post_thumbnail":0,"footnotes":""},"categories":[20,1359],"tags":[662,2729,436,1247,4053,471],"class_list":["post-31624","post","type-post","status-publish","format-standard","hentry","category-kleine-fluchten","category-duisburg-aus-meiner-sicht","tag-belgien","tag-bruessel","tag-eu","tag-europa","tag-parlament","tag-politik"],"aioseo_notices":[],"_links":{"self":[{"href":"https:\/\/www.libroart.de\/lindabroszeit\/wp-json\/wp\/v2\/posts\/31624","targetHints":{"allow":["GET"]}}],"collection":[{"href":"https:\/\/www.libroart.de\/lindabroszeit\/wp-json\/wp\/v2\/posts"}],"about":[{"href":"https:\/\/www.libroart.de\/lindabroszeit\/wp-json\/wp\/v2\/types\/post"}],"author":[{"embeddable":true,"href":"https:\/\/www.libroart.de\/lindabroszeit\/wp-json\/wp\/v2\/users\/1"}],"replies":[{"embeddable":true,"href":"https:\/\/www.libroart.de\/lindabroszeit\/wp-json\/wp\/v2\/comments?post=31624"}],"version-history":[{"count":12,"href":"https:\/\/www.libroart.de\/lindabroszeit\/wp-json\/wp\/v2\/posts\/31624\/revisions"}],"predecessor-version":[{"id":31676,"href":"https:\/\/www.libroart.de\/lindabroszeit\/wp-json\/wp\/v2\/posts\/31624\/revisions\/31676"}],"wp:attachment":[{"href":"https:\/\/www.libroart.de\/lindabroszeit\/wp-json\/wp\/v2\/media?parent=31624"}],"wp:term":[{"taxonomy":"category","embeddable":true,"href":"https:\/\/www.libroart.de\/lindabroszeit\/wp-json\/wp\/v2\/categories?post=31624"},{"taxonomy":"post_tag","embeddable":true,"href":"https:\/\/www.libroart.de\/lindabroszeit\/wp-json\/wp\/v2\/tags?post=31624"}],"curies":[{"name":"wp","href":"https:\/\/api.w.org\/{rel}","templated":true}]}}