{"id":30980,"date":"2026-01-22T01:13:00","date_gmt":"2026-01-22T00:13:00","guid":{"rendered":"https:\/\/www.libroart.de\/lindabroszeit\/?p=30980"},"modified":"2026-01-21T09:24:18","modified_gmt":"2026-01-21T08:24:18","slug":"berlin-an-einem-montag","status":"publish","type":"post","link":"https:\/\/www.libroart.de\/lindabroszeit\/2026\/01\/22\/berlin-an-einem-montag\/","title":{"rendered":"Berliner Geschichte in Kunstwerken"},"content":{"rendered":"\n<p>Wie in anderen St\u00e4dten sind auch in Berlin montags viele Museen und andere Orte der Zerstreuung geschlossen. Aber es gibt ein paar Ausnahmen und dazu geh\u00f6rt u.a. die Berlinerische Galerie:<\/p>\n\n\n<div class=\"wp-block-image\">\n<figure class=\"aligncenter size-large\"><img loading=\"lazy\" decoding=\"async\" width=\"1024\" height=\"768\" src=\"https:\/\/www.libroart.de\/lindabroszeit\/wp-content\/uploads\/2026\/01\/3D1555F2-69BC-4C6C-90F0-CB7AE1240D68-1024x768.jpeg\" alt=\"\" class=\"wp-image-31019\" srcset=\"https:\/\/www.libroart.de\/lindabroszeit\/wp-content\/uploads\/2026\/01\/3D1555F2-69BC-4C6C-90F0-CB7AE1240D68-1024x768.jpeg 1024w, https:\/\/www.libroart.de\/lindabroszeit\/wp-content\/uploads\/2026\/01\/3D1555F2-69BC-4C6C-90F0-CB7AE1240D68-300x225.jpeg 300w, https:\/\/www.libroart.de\/lindabroszeit\/wp-content\/uploads\/2026\/01\/3D1555F2-69BC-4C6C-90F0-CB7AE1240D68-768x576.jpeg 768w, https:\/\/www.libroart.de\/lindabroszeit\/wp-content\/uploads\/2026\/01\/3D1555F2-69BC-4C6C-90F0-CB7AE1240D68-scaled.jpeg 1365w, https:\/\/www.libroart.de\/lindabroszeit\/wp-content\/uploads\/2026\/01\/3D1555F2-69BC-4C6C-90F0-CB7AE1240D68-1200x900.jpeg 1200w\" sizes=\"auto, (max-width: 709px) 85vw, (max-width: 909px) 67vw, (max-width: 1362px) 62vw, 840px\" \/><figcaption class=\"wp-element-caption\">Foto vom Treppenhaus des Museums. Hinter den W\u00e4nden im oberen Stock liegen noch diverse weitere Ausstellungsr\u00e4ume<\/figcaption><\/figure><\/div>\n\n\n<p><a href=\"https:\/\/berlinischegalerie.de\">https:\/\/berlinischegalerie.de<\/a><\/p>\n\n\n\n<p>Ich stellte Ihnen im letzten Herbst ein Buch \u00fcber die K\u00fcnstlerin Hannah H\u00f6ch vor, deren Leben f\u00fcr sieben Jahre gepr\u00e4gt war durch die Liebesbeziehung zu Raoul Hausmann, er war in den zwanziger Jahren einer der f\u00fchrenden Kopf der Berliner Dadabewegung. Momentan zeigt die Galerie eine gro\u00dfe Hausmann Ausstellung mit ca. 200 Exponaten und ich war nat\u00fcrlich gespannt, wie die Rolle Hannah H\u00f6chs dargestellt wurde.<\/p>\n\n\n<div class=\"wp-block-image\">\n<figure class=\"aligncenter size-large is-resized\"><img loading=\"lazy\" decoding=\"async\" width=\"768\" height=\"1024\" src=\"https:\/\/www.libroart.de\/lindabroszeit\/wp-content\/uploads\/2026\/01\/293A3B7F-8F9A-44F2-8B33-5C6C8D8A2C8D-768x1024.jpeg\" alt=\"\" class=\"wp-image-31014\" style=\"width:431px;height:auto\" srcset=\"https:\/\/www.libroart.de\/lindabroszeit\/wp-content\/uploads\/2026\/01\/293A3B7F-8F9A-44F2-8B33-5C6C8D8A2C8D-768x1024.jpeg 768w, https:\/\/www.libroart.de\/lindabroszeit\/wp-content\/uploads\/2026\/01\/293A3B7F-8F9A-44F2-8B33-5C6C8D8A2C8D-225x300.jpeg 225w, https:\/\/www.libroart.de\/lindabroszeit\/wp-content\/uploads\/2026\/01\/293A3B7F-8F9A-44F2-8B33-5C6C8D8A2C8D.jpeg 1024w\" sizes=\"auto, (max-width: 709px) 85vw, (max-width: 909px) 67vw, (max-width: 984px) 61vw, (max-width: 1362px) 45vw, 600px\" \/><figcaption class=\"wp-element-caption\">Collage mit Fotos und Gem\u00e4lden, die Hannah H\u00f6ch und Raoul Hausmann zeigen.<\/figcaption><\/figure><\/div>\n\n\n<p>Raoul Hausmann ist mir als Mensch nicht sehr sympathisch, aber seine f\u00fcr damalige Zeiten sehr innovativen Ideen zur Kunst, Sprache, Architektur oder Fotografie haben mich schon beeindruckt und letztendlich war ich am Ende der Ausstellung sehr zufrieden, sie besucht zu haben. <\/p>\n\n\n<div class=\"wp-block-image\">\n<figure class=\"aligncenter size-large is-resized\"><img loading=\"lazy\" decoding=\"async\" width=\"1024\" height=\"1024\" src=\"https:\/\/www.libroart.de\/lindabroszeit\/wp-content\/uploads\/2026\/01\/5EC96C05-F982-48B2-A449-353114869FCF-1024x1024.jpeg\" alt=\"\" class=\"wp-image-31041\" style=\"width:572px;height:auto\" srcset=\"https:\/\/www.libroart.de\/lindabroszeit\/wp-content\/uploads\/2026\/01\/5EC96C05-F982-48B2-A449-353114869FCF.jpeg 1024w, https:\/\/www.libroart.de\/lindabroszeit\/wp-content\/uploads\/2026\/01\/5EC96C05-F982-48B2-A449-353114869FCF-300x300.jpeg 300w, https:\/\/www.libroart.de\/lindabroszeit\/wp-content\/uploads\/2026\/01\/5EC96C05-F982-48B2-A449-353114869FCF-150x150.jpeg 150w, https:\/\/www.libroart.de\/lindabroszeit\/wp-content\/uploads\/2026\/01\/5EC96C05-F982-48B2-A449-353114869FCF-768x768.jpeg 768w, https:\/\/www.libroart.de\/lindabroszeit\/wp-content\/uploads\/2026\/01\/5EC96C05-F982-48B2-A449-353114869FCF-144x144.jpeg 144w, https:\/\/www.libroart.de\/lindabroszeit\/wp-content\/uploads\/2026\/01\/5EC96C05-F982-48B2-A449-353114869FCF-120x120.jpeg 120w\" sizes=\"auto, (max-width: 709px) 85vw, (max-width: 909px) 67vw, (max-width: 1362px) 62vw, 840px\" \/><figcaption class=\"wp-element-caption\">Ein paar Beispiele f\u00fcr Raoul Hausmanns Vielseitigkeit<\/figcaption><\/figure><\/div>\n\n\n<p><br>Da ich gerade da war, sah ich mir auch die permanente Ausstellung \u201eKunst in Berlin. von 1880 bis 1980\u201c an. WOW!<\/p>\n\n\n\n<p>Hier findet sich die Cr\u00e8me de la Cr\u00e8me deutscher K\u00fcnstler wie beispielsweise Beckmann, Corinth, Kirchner oder Liebermann. Was mich aber richtig begeisterte, waren die Themen einiger Kunstwerke und die mir bisher unbekannten K\u00fcnstler und K\u00fcnstlerinnen.<br>Auf der einen Seite gab es die Bilder aus den 20er Jahren<\/p>\n\n\n<div class=\"wp-block-image\">\n<figure class=\"aligncenter size-large is-resized\"><img loading=\"lazy\" decoding=\"async\" width=\"1024\" height=\"763\" src=\"https:\/\/www.libroart.de\/lindabroszeit\/wp-content\/uploads\/2026\/01\/IMG_7250-1024x763.jpeg\" alt=\"\" class=\"wp-image-31033\" style=\"width:561px;height:auto\" srcset=\"https:\/\/www.libroart.de\/lindabroszeit\/wp-content\/uploads\/2026\/01\/IMG_7250-1024x763.jpeg 1024w, https:\/\/www.libroart.de\/lindabroszeit\/wp-content\/uploads\/2026\/01\/IMG_7250-300x223.jpeg 300w, https:\/\/www.libroart.de\/lindabroszeit\/wp-content\/uploads\/2026\/01\/IMG_7250-768x572.jpeg 768w, https:\/\/www.libroart.de\/lindabroszeit\/wp-content\/uploads\/2026\/01\/IMG_7250-scaled.jpeg 1375w, https:\/\/www.libroart.de\/lindabroszeit\/wp-content\/uploads\/2026\/01\/IMG_7250-2048x1526.jpeg 1374w, https:\/\/www.libroart.de\/lindabroszeit\/wp-content\/uploads\/2026\/01\/IMG_7250-1200x894.jpeg 1200w\" sizes=\"auto, (max-width: 709px) 85vw, (max-width: 909px) 67vw, (max-width: 1362px) 62vw, 840px\" \/><figcaption class=\"wp-element-caption\">Das Bild hei\u00dft. \u201eBerliner Stra\u00dfenszene\u201c, es wurde 1921 von Nikolaus Braun gemalt. Auf den ersten Blick scheint es die Gro\u00dfstadt naiv darzustellen, doch sieht man genau hin, zeigt sich auch Kritik. ( z.B. Vor der Metzgerei mit drei Schweinen im Fenster steht ein Bettler).<\/figcaption><\/figure><\/div>\n\n\n<p>Das Museum besitzt viele Dokumente zu den Baupl\u00e4nen Hitlers. Fotos, Zeichnungen und ein Modell zeugen in einem anderen Raum von dem Gr\u00f6\u00dfenwahn Hitlers und Speers.<\/p>\n\n\n\n<figure class=\"wp-block-image size-large\"><img loading=\"lazy\" decoding=\"async\" width=\"1024\" height=\"1024\" src=\"https:\/\/www.libroart.de\/lindabroszeit\/wp-content\/uploads\/2026\/01\/BAE8F016-6BC7-4646-A704-D263AD2C9A18-1024x1024.jpeg\" alt=\"\" class=\"wp-image-31020\" srcset=\"https:\/\/www.libroart.de\/lindabroszeit\/wp-content\/uploads\/2026\/01\/BAE8F016-6BC7-4646-A704-D263AD2C9A18.jpeg 1024w, https:\/\/www.libroart.de\/lindabroszeit\/wp-content\/uploads\/2026\/01\/BAE8F016-6BC7-4646-A704-D263AD2C9A18-300x300.jpeg 300w, https:\/\/www.libroart.de\/lindabroszeit\/wp-content\/uploads\/2026\/01\/BAE8F016-6BC7-4646-A704-D263AD2C9A18-150x150.jpeg 150w, https:\/\/www.libroart.de\/lindabroszeit\/wp-content\/uploads\/2026\/01\/BAE8F016-6BC7-4646-A704-D263AD2C9A18-768x768.jpeg 768w, https:\/\/www.libroart.de\/lindabroszeit\/wp-content\/uploads\/2026\/01\/BAE8F016-6BC7-4646-A704-D263AD2C9A18-144x144.jpeg 144w, https:\/\/www.libroart.de\/lindabroszeit\/wp-content\/uploads\/2026\/01\/BAE8F016-6BC7-4646-A704-D263AD2C9A18-120x120.jpeg 120w\" sizes=\"auto, (max-width: 709px) 85vw, (max-width: 909px) 67vw, (max-width: 1362px) 62vw, 840px\" \/><figcaption class=\"wp-element-caption\">Man beachte auf dem Foto oben links das kleine Brandenburger Tor (links unten) im Verh\u00e4ltnis zu der geplanten gro\u00dfen Halle.<\/figcaption><\/figure>\n\n\n\n<p>Oder stellen Sie sich Folgendes vor: Am 8. Mai 1945 endet der zweite Weltkrieg, Berlin ist zerbombt. Ein Mann namens Gerd Rosen er\u00f6ffnet am 2. August 1945  auf dem Kurf\u00fcrstendam eine Galerie und zeigt Bilder in der Art wie unten gezeigt:<\/p>\n\n\n<div class=\"wp-block-image\">\n<figure class=\"aligncenter size-large\"><img loading=\"lazy\" decoding=\"async\" width=\"1024\" height=\"768\" src=\"https:\/\/www.libroart.de\/lindabroszeit\/wp-content\/uploads\/2026\/01\/15602F7E-EEDC-4AA9-9557-1BACA58E9C78-1-1024x768.jpeg\" alt=\"\" class=\"wp-image-31035\" srcset=\"https:\/\/www.libroart.de\/lindabroszeit\/wp-content\/uploads\/2026\/01\/15602F7E-EEDC-4AA9-9557-1BACA58E9C78-1-1024x768.jpeg 1024w, https:\/\/www.libroart.de\/lindabroszeit\/wp-content\/uploads\/2026\/01\/15602F7E-EEDC-4AA9-9557-1BACA58E9C78-1-300x225.jpeg 300w, https:\/\/www.libroart.de\/lindabroszeit\/wp-content\/uploads\/2026\/01\/15602F7E-EEDC-4AA9-9557-1BACA58E9C78-1-768x576.jpeg 768w, https:\/\/www.libroart.de\/lindabroszeit\/wp-content\/uploads\/2026\/01\/15602F7E-EEDC-4AA9-9557-1BACA58E9C78-1-1200x900.jpeg 1200w, https:\/\/www.libroart.de\/lindabroszeit\/wp-content\/uploads\/2026\/01\/15602F7E-EEDC-4AA9-9557-1BACA58E9C78-1.jpeg 1234w\" sizes=\"auto, (max-width: 709px) 85vw, (max-width: 909px) 67vw, (max-width: 1362px) 62vw, 840px\" \/><figcaption class=\"wp-element-caption\">Oben zwei Originalfotos vom zerbombten Berlin, darunter zwei Bilder von Heinz Tr\u00f6kes und Fritz K\u00f6the als Beispiel f\u00fcr Gem\u00e4lde, die zur Er\u00f6ffnung gezeigt wurden. Solche Kunstwerke waren kurz zuvor von dem Naziregime noch als \u201eentartet\u201c eingestuft worden und dementsprechend bewegte sich die Reaktion der Galeriebesucher zwischen Begeisterung und Irritation.<\/figcaption><\/figure><\/div>\n\n\n<p>Was war Gerd Rosen f\u00fcr ein Mensch, der so etwas leisten konnte? Welchen unmittelbaren Einfluss hatte die Galerie auf die Entwicklung der Berliner Kunstszene nach dem Krieg? Wie war die Reaktion der Alliierten auf die Galerieer\u00f6ffnung? Was ist aus der Galerie geworden? Wer mehr wissen m\u00f6chte: Dieses Buch erschien 1995 und man findet es noch in Antiquariaten.<\/p>\n\n\n<div class=\"wp-block-image\">\n<figure class=\"aligncenter size-large is-resized\"><img loading=\"lazy\" decoding=\"async\" width=\"724\" height=\"1024\" src=\"https:\/\/www.libroart.de\/lindabroszeit\/wp-content\/uploads\/2026\/01\/IMG_6945-724x1024.jpeg\" alt=\"\" class=\"wp-image-31042\" style=\"width:275px;height:auto\" srcset=\"https:\/\/www.libroart.de\/lindabroszeit\/wp-content\/uploads\/2026\/01\/IMG_6945-724x1024.jpeg 724w, https:\/\/www.libroart.de\/lindabroszeit\/wp-content\/uploads\/2026\/01\/IMG_6945-212x300.jpeg 212w, https:\/\/www.libroart.de\/lindabroszeit\/wp-content\/uploads\/2026\/01\/IMG_6945-768x1086.jpeg 768w, https:\/\/www.libroart.de\/lindabroszeit\/wp-content\/uploads\/2026\/01\/IMG_6945-scaled.jpeg 1024w\" sizes=\"auto, (max-width: 709px) 85vw, (max-width: 909px) 67vw, (max-width: 984px) 61vw, (max-width: 1362px) 45vw, 600px\" \/><\/figure><\/div>\n\n\n<p>In dem Museum bekommt man schlie\u00dflich auch Einblicke in die Kunstszene des Berlins der DDR und Westberlins und wie unterschiedlich diese Entwicklungen waren.<\/p>\n\n\n\n<figure class=\"wp-block-image size-large\"><img loading=\"lazy\" decoding=\"async\" width=\"1024\" height=\"1024\" src=\"https:\/\/www.libroart.de\/lindabroszeit\/wp-content\/uploads\/2026\/01\/1E63DE68-09DF-42A3-9CB6-210612F49666-1024x1024.jpeg\" alt=\"\" class=\"wp-image-31046\" srcset=\"https:\/\/www.libroart.de\/lindabroszeit\/wp-content\/uploads\/2026\/01\/1E63DE68-09DF-42A3-9CB6-210612F49666.jpeg 1024w, https:\/\/www.libroart.de\/lindabroszeit\/wp-content\/uploads\/2026\/01\/1E63DE68-09DF-42A3-9CB6-210612F49666-300x300.jpeg 300w, https:\/\/www.libroart.de\/lindabroszeit\/wp-content\/uploads\/2026\/01\/1E63DE68-09DF-42A3-9CB6-210612F49666-150x150.jpeg 150w, https:\/\/www.libroart.de\/lindabroszeit\/wp-content\/uploads\/2026\/01\/1E63DE68-09DF-42A3-9CB6-210612F49666-768x768.jpeg 768w, https:\/\/www.libroart.de\/lindabroszeit\/wp-content\/uploads\/2026\/01\/1E63DE68-09DF-42A3-9CB6-210612F49666-144x144.jpeg 144w, https:\/\/www.libroart.de\/lindabroszeit\/wp-content\/uploads\/2026\/01\/1E63DE68-09DF-42A3-9CB6-210612F49666-120x120.jpeg 120w\" sizes=\"auto, (max-width: 709px) 85vw, (max-width: 909px) 67vw, (max-width: 1362px) 62vw, 840px\" \/><figcaption class=\"wp-element-caption\">Oben links: G\u00f6ta Tellesch-\u201eOhne Titel\u201c, 1978, unten links: Reiner Fetting-\u201eGelbe Mauer\u201c, 1977- beide Westberlin<br>Oben rechts: Helga Paris-\u201eBerliner Jugendlicher\u201c, 1982,  unten rechts: Cornelia Schleime-\u201eM\u00e4dchenkopf\u201c 1985- beide Ostberlin<\/figcaption><\/figure>\n\n\n\n<p>Meine \u201eKirsche auf dem Kuchen\u201c war ein Sonderausstellungsraum, den das Museum anl\u00e4\u00dflich seines 50j\u00e4hrigen Bestehens 2025 Hannah H\u00f6ch widmet. Von diesem Raum wusste ich nichts- eine sch\u00f6ne \u00dcberraschung! <\/p>\n\n\n<div class=\"wp-block-image\">\n<figure class=\"aligncenter size-large is-resized\"><img loading=\"lazy\" decoding=\"async\" width=\"896\" height=\"1024\" src=\"https:\/\/www.libroart.de\/lindabroszeit\/wp-content\/uploads\/2026\/01\/61F11F5F-5A77-4A53-A597-752601B66C05-896x1024.jpeg\" alt=\"\" class=\"wp-image-31021\" style=\"width:397px;height:auto\" srcset=\"https:\/\/www.libroart.de\/lindabroszeit\/wp-content\/uploads\/2026\/01\/61F11F5F-5A77-4A53-A597-752601B66C05-896x1024.jpeg 896w, https:\/\/www.libroart.de\/lindabroszeit\/wp-content\/uploads\/2026\/01\/61F11F5F-5A77-4A53-A597-752601B66C05-263x300.jpeg 263w, https:\/\/www.libroart.de\/lindabroszeit\/wp-content\/uploads\/2026\/01\/61F11F5F-5A77-4A53-A597-752601B66C05-768x878.jpeg 768w, https:\/\/www.libroart.de\/lindabroszeit\/wp-content\/uploads\/2026\/01\/61F11F5F-5A77-4A53-A597-752601B66C05-scaled.jpeg 1024w\" sizes=\"auto, (max-width: 709px) 85vw, (max-width: 909px) 67vw, (max-width: 1362px) 62vw, 840px\" \/><\/figure><\/div>\n\n<div class=\"wp-block-image\">\n<figure class=\"aligncenter size-large is-resized\"><img loading=\"lazy\" decoding=\"async\" width=\"1024\" height=\"1024\" src=\"https:\/\/www.libroart.de\/lindabroszeit\/wp-content\/uploads\/2026\/01\/8A25BB2E-FA7D-4B8F-A07D-8C6983D0BD7B-1024x1024.jpeg\" alt=\"\" class=\"wp-image-31016\" style=\"width:600px;height:auto\" srcset=\"https:\/\/www.libroart.de\/lindabroszeit\/wp-content\/uploads\/2026\/01\/8A25BB2E-FA7D-4B8F-A07D-8C6983D0BD7B.jpeg 1024w, https:\/\/www.libroart.de\/lindabroszeit\/wp-content\/uploads\/2026\/01\/8A25BB2E-FA7D-4B8F-A07D-8C6983D0BD7B-300x300.jpeg 300w, https:\/\/www.libroart.de\/lindabroszeit\/wp-content\/uploads\/2026\/01\/8A25BB2E-FA7D-4B8F-A07D-8C6983D0BD7B-150x150.jpeg 150w, https:\/\/www.libroart.de\/lindabroszeit\/wp-content\/uploads\/2026\/01\/8A25BB2E-FA7D-4B8F-A07D-8C6983D0BD7B-768x768.jpeg 768w, https:\/\/www.libroart.de\/lindabroszeit\/wp-content\/uploads\/2026\/01\/8A25BB2E-FA7D-4B8F-A07D-8C6983D0BD7B-144x144.jpeg 144w, https:\/\/www.libroart.de\/lindabroszeit\/wp-content\/uploads\/2026\/01\/8A25BB2E-FA7D-4B8F-A07D-8C6983D0BD7B-120x120.jpeg 120w\" sizes=\"auto, (max-width: 709px) 85vw, (max-width: 909px) 67vw, (max-width: 1362px) 62vw, 840px\" \/><\/figure><\/div>\n\n\n<p>Das Thema \u201eDadaismus\u201c ist f\u00fcr mich noch nicht abgeschlossen. Ich finde, es passt sehr gut in die heutige Zeit, in der alte Gewissheiten sich aufl\u00f6sen und Menschen immer mehr ihren Halt verlieren.<\/p>\n","protected":false},"excerpt":{"rendered":"<p>Wie in anderen St\u00e4dten sind auch in Berlin montags viele Museen und andere Orte der Zerstreuung geschlossen. Aber es gibt ein paar Ausnahmen und dazu geh\u00f6rt u.a. die Berlinerische Galerie: https:\/\/berlinischegalerie.de Ich stellte Ihnen im letzten Herbst ein Buch \u00fcber die K\u00fcnstlerin Hannah H\u00f6ch vor, deren Leben f\u00fcr sieben Jahre gepr\u00e4gt war durch die Liebesbeziehung &hellip; <a href=\"https:\/\/www.libroart.de\/lindabroszeit\/2026\/01\/22\/berlin-an-einem-montag\/\" class=\"more-link\"><span class=\"screen-reader-text\">\u201eBerliner Geschichte in Kunstwerken\u201c<\/span> weiterlesen<\/a><\/p>\n","protected":false},"author":1,"featured_media":0,"comment_status":"open","ping_status":"open","sticky":false,"template":"","format":"standard","meta":{"ngg_post_thumbnail":0,"footnotes":""},"categories":[2728,770],"tags":[586,3970,3961,4003],"class_list":["post-30980","post","type-post","status-publish","format-standard","hentry","category-365-tage-projekt","category-museumsbesuche","tag-berlin","tag-dadaismus","tag-hannah-hoech","tag-raoul-hausmann"],"aioseo_notices":[],"_links":{"self":[{"href":"https:\/\/www.libroart.de\/lindabroszeit\/wp-json\/wp\/v2\/posts\/30980","targetHints":{"allow":["GET"]}}],"collection":[{"href":"https:\/\/www.libroart.de\/lindabroszeit\/wp-json\/wp\/v2\/posts"}],"about":[{"href":"https:\/\/www.libroart.de\/lindabroszeit\/wp-json\/wp\/v2\/types\/post"}],"author":[{"embeddable":true,"href":"https:\/\/www.libroart.de\/lindabroszeit\/wp-json\/wp\/v2\/users\/1"}],"replies":[{"embeddable":true,"href":"https:\/\/www.libroart.de\/lindabroszeit\/wp-json\/wp\/v2\/comments?post=30980"}],"version-history":[{"count":16,"href":"https:\/\/www.libroart.de\/lindabroszeit\/wp-json\/wp\/v2\/posts\/30980\/revisions"}],"predecessor-version":[{"id":31052,"href":"https:\/\/www.libroart.de\/lindabroszeit\/wp-json\/wp\/v2\/posts\/30980\/revisions\/31052"}],"wp:attachment":[{"href":"https:\/\/www.libroart.de\/lindabroszeit\/wp-json\/wp\/v2\/media?parent=30980"}],"wp:term":[{"taxonomy":"category","embeddable":true,"href":"https:\/\/www.libroart.de\/lindabroszeit\/wp-json\/wp\/v2\/categories?post=30980"},{"taxonomy":"post_tag","embeddable":true,"href":"https:\/\/www.libroart.de\/lindabroszeit\/wp-json\/wp\/v2\/tags?post=30980"}],"curies":[{"name":"wp","href":"https:\/\/api.w.org\/{rel}","templated":true}]}}