{"id":30750,"date":"2025-12-01T01:19:00","date_gmt":"2025-12-01T00:19:00","guid":{"rendered":"https:\/\/www.libroart.de\/lindabroszeit\/?p=30750"},"modified":"2025-11-30T23:36:55","modified_gmt":"2025-11-30T22:36:55","slug":"mal-selber-radio-machen","status":"publish","type":"post","link":"https:\/\/www.libroart.de\/lindabroszeit\/2025\/12\/01\/mal-selber-radio-machen\/","title":{"rendered":"Mal selber Radio machen?"},"content":{"rendered":"\n<p>Seit 1987 ist im Landesmediengesetz von NRW festgeschrieben, dass B\u00fcrger das Recht haben, einen eigene Sendung im Radio auszustrahlen. In Duisburg gibt es seitdem mehrere Vereine, Gruppen und Privatpersonen, die von diesem Recht Gebrauch machen. Der Sender \u201eRadio DU\u201c ist verpflichtet, dem B\u00fcrgerfunk Sendezeit zur Verf\u00fcgung zu stellen. So l\u00e4uft beispielsweise<\/p>\n\n\n\n<figure class=\"wp-block-image size-large\"><img loading=\"lazy\" decoding=\"async\" width=\"1024\" height=\"400\" src=\"https:\/\/www.libroart.de\/lindabroszeit\/wp-content\/uploads\/2025\/12\/IMG_6107-1024x400.jpeg\" alt=\"\" class=\"wp-image-30755\" srcset=\"https:\/\/www.libroart.de\/lindabroszeit\/wp-content\/uploads\/2025\/12\/IMG_6107-1024x400.jpeg 1024w, https:\/\/www.libroart.de\/lindabroszeit\/wp-content\/uploads\/2025\/12\/IMG_6107-300x117.jpeg 300w, https:\/\/www.libroart.de\/lindabroszeit\/wp-content\/uploads\/2025\/12\/IMG_6107-768x300.jpeg 768w, https:\/\/www.libroart.de\/lindabroszeit\/wp-content\/uploads\/2025\/12\/IMG_6107-1536x599.jpeg 1536w, https:\/\/www.libroart.de\/lindabroszeit\/wp-content\/uploads\/2025\/12\/IMG_6107-2048x799.jpeg 2048w, https:\/\/www.libroart.de\/lindabroszeit\/wp-content\/uploads\/2025\/12\/IMG_6107-1200x468.jpeg 1200w\" sizes=\"auto, (max-width: 709px) 85vw, (max-width: 909px) 67vw, (max-width: 1362px) 62vw, 840px\" \/><figcaption class=\"wp-element-caption\">Das Logo der Sendung<\/figcaption><\/figure>\n\n\n\n<p>mindestens 1x pro Monat dienstags zwischen 20 und 21 Uhr.  Verpasst man eine Sendung, kann man diese ein paar Tage sp\u00e4ter dann auch als Podcast h\u00f6ren:<\/p>\n\n\n\n<p><a href=\"https:\/\/www.nrwision.de\/mediathek\/suche?query=unser+duisburg\">https:\/\/www.nrwision.de\/mediathek\/suche?query=unser+duisburg<\/a><\/p>\n\n\n\n<p>Ich durfte in den letzten Wochen zweimal an einer Redaktionssitzung von \u201eUnser Duisburg\u201c teilnehmen und bekam ein bisschen mit, wie eine Sendung, die aus Interviews, Kommentaren und Musik besteht, zusammengeschnitten wird. \u201eWelche Interviews sind wochenaktuell, welche haben eher allgemeinen Informationscharakter und k\u00f6nnen auf die n\u00e4chste Sendung verschoben werden? Gibt es Wunschkandidaten f\u00fcr ein Interview?\u201c, waren nur einige Fragen, die diskutiert wurden.<br>Ganz stolz bin ich, dass morgen Abend, am 2.12., auch ein Interview von mir gesendet wird. Ich habe Anja Harder \u00fcber ihre Kronkorkensammelaktion interviewt, bei der die gesammelten Kronkorken verkauft werden und der Betrag dem Verein \u201eHerzensw\u00e4rme Duisburg e.V.\u201c gespendet wird. Dieser Verein k\u00fcmmert sich um obdachlose Menschen.<\/p>\n\n\n\n<p>In den n\u00e4chsten Wochen stehen Nikolaus- und\/ oder Weihnachtsfeiern in den Firmen an und auch in der Familie werden bestimmt die ein oder andere Flasche zu Weihnachten oder Silvester ge\u00f6ffnet. M\u00f6chten Sie nicht beim Sammeln mitmachen?<\/p>\n\n\n\n<p>Sammeln Sie in Rumeln-Kaldenhausen, k\u00f6nnen Sie Ihre Kronkorken gerne in die Darwinstr. 58 bringen- einfach auf die bunte Bank vor dem Haus legen.<\/p>\n\n\n\n<p>Hier die Liste der Stellen, die in Duisburg Stadtmitte Kronkorken annehmen:<\/p>\n\n\n\n<ul class=\"wp-block-list\">\n<li><a href=\"https:\/\/www.duisburg-unverpackt.de\/home\" target=\"_blank\" rel=\"noreferrer noopener\">Duisburg Unverpackt<\/a><\/li>\n\n\n\n<li><a href=\"https:\/\/finkenkrug.de\/\" target=\"_blank\" rel=\"noreferrer noopener\">Finkenkrug<\/a><\/li>\n\n\n\n<li><a href=\"https:\/\/finkenkrug.de\/braukueche\/\" target=\"_blank\" rel=\"noreferrer noopener\">Finkenkrugs BrauK\u00fcche<\/a><\/li>\n\n\n\n<li><a href=\"https:\/\/www.scheuermann.de\/\" target=\"_blank\" rel=\"noreferrer noopener\">Buchhandlung Scheuermann<\/a><\/li>\n<\/ul>\n\n\n\n<p>Wohnen Sie nicht in Duisburg, gibt es sicherlich auch bei Ihnen in der N\u00e4he eine Stelle, die f\u00fcr einen guten Zweck sammelt.<\/p>\n\n\n","protected":false},"excerpt":{"rendered":"<p>Seit 1987 ist im Landesmediengesetz von NRW festgeschrieben, dass B\u00fcrger das Recht haben, einen eigene Sendung im Radio auszustrahlen. In Duisburg gibt es seitdem mehrere Vereine, Gruppen und Privatpersonen, die von diesem Recht Gebrauch machen. Der Sender \u201eRadio DU\u201c ist verpflichtet, dem B\u00fcrgerfunk Sendezeit zur Verf\u00fcgung zu stellen. So l\u00e4uft beispielsweise mindestens 1x pro Monat &hellip; <a href=\"https:\/\/www.libroart.de\/lindabroszeit\/2025\/12\/01\/mal-selber-radio-machen\/\" class=\"more-link\"><span class=\"screen-reader-text\">\u201eMal selber Radio machen?\u201c<\/span> weiterlesen<\/a><\/p>\n","protected":false},"author":1,"featured_media":0,"comment_status":"open","ping_status":"open","sticky":false,"template":"","format":"standard","meta":{"ngg_post_thumbnail":0,"footnotes":""},"categories":[1359,1454],"tags":[2004,3800,1609],"class_list":["post-30750","post","type-post","status-publish","format-standard","hentry","category-duisburg-aus-meiner-sicht","category-gutes-tun","tag-interview","tag-kronkorken","tag-radio"],"aioseo_notices":[],"_links":{"self":[{"href":"https:\/\/www.libroart.de\/lindabroszeit\/wp-json\/wp\/v2\/posts\/30750","targetHints":{"allow":["GET"]}}],"collection":[{"href":"https:\/\/www.libroart.de\/lindabroszeit\/wp-json\/wp\/v2\/posts"}],"about":[{"href":"https:\/\/www.libroart.de\/lindabroszeit\/wp-json\/wp\/v2\/types\/post"}],"author":[{"embeddable":true,"href":"https:\/\/www.libroart.de\/lindabroszeit\/wp-json\/wp\/v2\/users\/1"}],"replies":[{"embeddable":true,"href":"https:\/\/www.libroart.de\/lindabroszeit\/wp-json\/wp\/v2\/comments?post=30750"}],"version-history":[{"count":11,"href":"https:\/\/www.libroart.de\/lindabroszeit\/wp-json\/wp\/v2\/posts\/30750\/revisions"}],"predecessor-version":[{"id":30769,"href":"https:\/\/www.libroart.de\/lindabroszeit\/wp-json\/wp\/v2\/posts\/30750\/revisions\/30769"}],"wp:attachment":[{"href":"https:\/\/www.libroart.de\/lindabroszeit\/wp-json\/wp\/v2\/media?parent=30750"}],"wp:term":[{"taxonomy":"category","embeddable":true,"href":"https:\/\/www.libroart.de\/lindabroszeit\/wp-json\/wp\/v2\/categories?post=30750"},{"taxonomy":"post_tag","embeddable":true,"href":"https:\/\/www.libroart.de\/lindabroszeit\/wp-json\/wp\/v2\/tags?post=30750"}],"curies":[{"name":"wp","href":"https:\/\/api.w.org\/{rel}","templated":true}]}}