{"id":29592,"date":"2025-06-23T01:15:00","date_gmt":"2025-06-22T23:15:00","guid":{"rendered":"https:\/\/www.libroart.de\/lindabroszeit\/?p=29592"},"modified":"2025-06-23T09:17:44","modified_gmt":"2025-06-23T07:17:44","slug":"unter-anklage-in-tasmunien","status":"publish","type":"post","link":"https:\/\/www.libroart.de\/lindabroszeit\/2025\/06\/23\/unter-anklage-in-tasmunien\/","title":{"rendered":"Der Mittagsschlaf unter Anklage in Tasmunien"},"content":{"rendered":"\n<p>Der Mittagsschlaf hat es nicht leicht, denn er steht in Tasmunien vor Gericht. Ihm wird zur Last gelegt, dass er die B\u00fcrger Tasmuniens von der Arbeit abh\u00e4lt und damit das Land auf verschiedene Weise gef\u00e4hrdet. Beispielsweise verdient durch den Mittagsschlaf die arbeitende Bev\u00f6lkerung weniger und zahlt deshalb auch weniger Steuern an den Staat. Die Sch\u00fcler und Studenten werden vom Lernen abgehalten und wachsen nur ungen\u00fcgend zu der neuen Denkergeneration heran. Ganz zu schweigen von den Soldaten, die die Grenzen Tasmuniens bewachen sollen- der Feind hat ein leichtes Spiel!<br>Dank einer List und psychologischem Geschick schafft es der Mittagsschlaf jedoch, dass der Richter ihm eine Verteidigungsrede gew\u00e4hrt und diese Rede hat es in sich.<\/p>\n\n\n<div class=\"wp-block-image\">\n<figure class=\"aligncenter size-large is-resized\"><img loading=\"lazy\" decoding=\"async\" width=\"1024\" height=\"768\" src=\"https:\/\/www.libroart.de\/lindabroszeit\/wp-content\/uploads\/2025\/06\/IMG_4098-1024x768.jpeg\" alt=\"\" class=\"wp-image-29593\" style=\"width:518px;height:auto\" srcset=\"https:\/\/www.libroart.de\/lindabroszeit\/wp-content\/uploads\/2025\/06\/IMG_4098-1024x768.jpeg 1024w, https:\/\/www.libroart.de\/lindabroszeit\/wp-content\/uploads\/2025\/06\/IMG_4098-300x225.jpeg 300w, https:\/\/www.libroart.de\/lindabroszeit\/wp-content\/uploads\/2025\/06\/IMG_4098-768x576.jpeg 768w, https:\/\/www.libroart.de\/lindabroszeit\/wp-content\/uploads\/2025\/06\/IMG_4098-scaled.jpeg 1365w, https:\/\/www.libroart.de\/lindabroszeit\/wp-content\/uploads\/2025\/06\/IMG_4098-1200x900.jpeg 1200w\" sizes=\"auto, (max-width: 709px) 85vw, (max-width: 909px) 67vw, (max-width: 1362px) 62vw, 840px\" \/><\/figure><\/div>\n\n\n<p>Woher kommt das Wort \u201eMittagsschlaf\u201c? Damit beginnt der Mittagsschlaf seine Rede. Er f\u00fchrt L\u00e4nder an, in der ein Schl\u00e4fchen zwischendurch als das Nat\u00fcrlichste der Welt angesehen wird. Danach zieht er alle Register auf kultureller Ebene und f\u00fchrt Philosophen, Maler, Komponisten und Schriftsteller auf, die alle in ihren Werken den Mittagsschlaf als etwas Wunderbares huldigen. Nat\u00fcrlich fehlen auch nicht medizinische Argumente, seien es die k\u00f6rperlichen oder die psychischen, die die Wohlt\u00e4tigkeit eines Mittagsschlafes belegen. Ist es nicht sch\u00f6n, mitten am Tag f\u00fcr eine kurze Zeit, allen Unbill zu vergessen und mit einem wohligen Gef\u00fchl zu versinken? Ja und dient der Mittagsschlaf nicht auch dazu, Frieden zu stiften? W\u00fcrden alle dem Tagesschlaf fr\u00f6nen, g\u00e4be es dann noch Krieg?<\/p>\n\n\n\n<p>Am Ende des Buches gibt es ein Urteil, das aber \u00fcberraschend ist, denn unter den Zuschauern hat sich jemand versteckt und\u2026 mehr verrate ich nicht.<\/p>\n\n\n\n<p>Das schmale Buch ( 123 Seiten) ist liebevoll mit Abbildungen von Kunstwerken ausgestattet, die den Mittagsschlaf zum Thema haben. Die Wortwahl des Mittagsschlafes ist wohlbedacht und etwas altert\u00fcmlich, was aber gut passt, denn beim Lesen kann es passieren, dass die Augen zufallen\u2026Aber nur kurz, denn das Humorvolle dieses Buches macht Lesende schnell wieder wach.<\/p>\n","protected":false},"excerpt":{"rendered":"<p>Der Mittagsschlaf hat es nicht leicht, denn er steht in Tasmunien vor Gericht. Ihm wird zur Last gelegt, dass er die B\u00fcrger Tasmuniens von der Arbeit abh\u00e4lt und damit das Land auf verschiedene Weise gef\u00e4hrdet. Beispielsweise verdient durch den Mittagsschlaf die arbeitende Bev\u00f6lkerung weniger und zahlt deshalb auch weniger Steuern an den Staat. Die Sch\u00fcler &hellip; <a href=\"https:\/\/www.libroart.de\/lindabroszeit\/2025\/06\/23\/unter-anklage-in-tasmunien\/\" class=\"more-link\"><span class=\"screen-reader-text\">\u201eDer Mittagsschlaf unter Anklage in Tasmunien\u201c<\/span> weiterlesen<\/a><\/p>\n","protected":false},"author":1,"featured_media":0,"comment_status":"open","ping_status":"open","sticky":false,"template":"","format":"standard","meta":{"ngg_post_thumbnail":0,"footnotes":""},"categories":[8],"tags":[2444,2268,3892],"class_list":["post-29592","post","type-post","status-publish","format-standard","hentry","category-lieblingsbuecher","tag-mittagsschlaf","tag-schlafen","tag-verteidigung"],"aioseo_notices":[],"_links":{"self":[{"href":"https:\/\/www.libroart.de\/lindabroszeit\/wp-json\/wp\/v2\/posts\/29592","targetHints":{"allow":["GET"]}}],"collection":[{"href":"https:\/\/www.libroart.de\/lindabroszeit\/wp-json\/wp\/v2\/posts"}],"about":[{"href":"https:\/\/www.libroart.de\/lindabroszeit\/wp-json\/wp\/v2\/types\/post"}],"author":[{"embeddable":true,"href":"https:\/\/www.libroart.de\/lindabroszeit\/wp-json\/wp\/v2\/users\/1"}],"replies":[{"embeddable":true,"href":"https:\/\/www.libroart.de\/lindabroszeit\/wp-json\/wp\/v2\/comments?post=29592"}],"version-history":[{"count":7,"href":"https:\/\/www.libroart.de\/lindabroszeit\/wp-json\/wp\/v2\/posts\/29592\/revisions"}],"predecessor-version":[{"id":29605,"href":"https:\/\/www.libroart.de\/lindabroszeit\/wp-json\/wp\/v2\/posts\/29592\/revisions\/29605"}],"wp:attachment":[{"href":"https:\/\/www.libroart.de\/lindabroszeit\/wp-json\/wp\/v2\/media?parent=29592"}],"wp:term":[{"taxonomy":"category","embeddable":true,"href":"https:\/\/www.libroart.de\/lindabroszeit\/wp-json\/wp\/v2\/categories?post=29592"},{"taxonomy":"post_tag","embeddable":true,"href":"https:\/\/www.libroart.de\/lindabroszeit\/wp-json\/wp\/v2\/tags?post=29592"}],"curies":[{"name":"wp","href":"https:\/\/api.w.org\/{rel}","templated":true}]}}