{"id":26282,"date":"2024-04-01T01:41:00","date_gmt":"2024-03-31T23:41:00","guid":{"rendered":"https:\/\/www.libroart.de\/lindabroszeit\/?p=26282"},"modified":"2024-04-01T06:48:59","modified_gmt":"2024-04-01T04:48:59","slug":"mit-adolf-im-brombeerfeld-brombeerfeldnachrichten-1-24","status":"publish","type":"post","link":"https:\/\/www.libroart.de\/lindabroszeit\/2024\/04\/01\/mit-adolf-im-brombeerfeld-brombeerfeldnachrichten-1-24\/","title":{"rendered":"Mit Adolf im Brombeerfeld (Brombeerfeldnachrichten 1\/24)"},"content":{"rendered":"\n<p>Diese Geschichte ist kein 1. April Scherz.<\/p>\n\n\n\n<p>Nach der Winterpause kommt heute mein erster Beitrag \u00fcber das Brombeerfeld vor unserer Haust\u00fcr. Hier versuche ich seit zwei Jahren m\u00f6glichst viele verschiedene Pflanzen heimisch werden zu lassen, um Tieren und Insekten einen besseren Lebensraum zu bieten.<\/p>\n\n\n<div class=\"wp-block-image\">\n<figure class=\"aligncenter size-large is-resized\"><img loading=\"lazy\" decoding=\"async\" width=\"1024\" height=\"758\" src=\"https:\/\/www.libroart.de\/lindabroszeit\/wp-content\/uploads\/2024\/03\/IMG_4690-1024x758.jpeg\" alt=\"\" class=\"wp-image-26283\" style=\"width:543px;height:auto\" srcset=\"https:\/\/www.libroart.de\/lindabroszeit\/wp-content\/uploads\/2024\/03\/IMG_4690-1024x758.jpeg 1024w, https:\/\/www.libroart.de\/lindabroszeit\/wp-content\/uploads\/2024\/03\/IMG_4690-300x222.jpeg 300w, https:\/\/www.libroart.de\/lindabroszeit\/wp-content\/uploads\/2024\/03\/IMG_4690-768x569.jpeg 768w, https:\/\/www.libroart.de\/lindabroszeit\/wp-content\/uploads\/2024\/03\/IMG_4690-scaled.jpeg 1383w, https:\/\/www.libroart.de\/lindabroszeit\/wp-content\/uploads\/2024\/03\/IMG_4690-1200x888.jpeg 1200w\" sizes=\"auto, (max-width: 709px) 85vw, (max-width: 909px) 67vw, (max-width: 1362px) 62vw, 840px\" \/><\/figure><\/div>\n\n\n<p>Viele von Ihnen haben gestern sicherlich Ostereier versteckt. Nun ich habe gestern auch etwas versteckt, aber nichts \u00d6sterliches, sondern Blumensamen. Das Aussaat fand an der  markierten Stelle statt. Zuerst entm\u00fcllte ich die Fl\u00e4che, dann wurde umgegraben und die Samen eingef\u00fcgt.<\/p>\n\n\n<div class=\"wp-block-image\">\n<figure class=\"aligncenter size-large is-resized\"><img loading=\"lazy\" decoding=\"async\" width=\"768\" height=\"1024\" src=\"https:\/\/www.libroart.de\/lindabroszeit\/wp-content\/uploads\/2024\/03\/IMG_5814-768x1024.jpeg\" alt=\"\" class=\"wp-image-26284\" style=\"width:468px;height:auto\" srcset=\"https:\/\/www.libroart.de\/lindabroszeit\/wp-content\/uploads\/2024\/03\/IMG_5814-768x1024.jpeg 768w, https:\/\/www.libroart.de\/lindabroszeit\/wp-content\/uploads\/2024\/03\/IMG_5814-225x300.jpeg 225w, https:\/\/www.libroart.de\/lindabroszeit\/wp-content\/uploads\/2024\/03\/IMG_5814-scaled.jpeg 1024w\" sizes=\"auto, (max-width: 709px) 85vw, (max-width: 909px) 67vw, (max-width: 984px) 61vw, (max-width: 1362px) 45vw, 600px\" \/><figcaption class=\"wp-element-caption\">Zwei T\u00fcten M\u00fcll und eine Schale voller Sommerversprechen: Mohn, Ringelblumen und viele andere Arten k\u00f6nnten hier bald bl\u00fchen.<\/figcaption><\/figure><\/div>\n\n\n<p>Als ich mit dem Auss\u00e4en fertig war, entdeckte ich ein wei\u00dfes Dreieck. Anscheinend geh\u00f6rte es zu einer Pappe. Ich musste ordentlich an ihr zerren, die Pappe schlie\u00dflich frei graben und dann konnte ich sie aufheben. Ich drehte die Pappe um und konnte nicht glauben, was ich sah:<\/p>\n\n\n\n<figure class=\"wp-block-image size-large\"><img loading=\"lazy\" decoding=\"async\" width=\"768\" height=\"1024\" src=\"https:\/\/www.libroart.de\/lindabroszeit\/wp-content\/uploads\/2024\/03\/IMG_5816-768x1024.jpeg\" alt=\"\" class=\"wp-image-26288\" srcset=\"https:\/\/www.libroart.de\/lindabroszeit\/wp-content\/uploads\/2024\/03\/IMG_5816-768x1024.jpeg 768w, https:\/\/www.libroart.de\/lindabroszeit\/wp-content\/uploads\/2024\/03\/IMG_5816-225x300.jpeg 225w, https:\/\/www.libroart.de\/lindabroszeit\/wp-content\/uploads\/2024\/03\/IMG_5816-scaled.jpeg 1024w\" sizes=\"auto, (max-width: 709px) 85vw, (max-width: 909px) 67vw, (max-width: 984px) 61vw, (max-width: 1362px) 45vw, 600px\" \/><\/figure>\n\n\n\n<p>Wer nicht aus Duisburg kommt, kann mein Erstaunen vielleicht nicht verstehen. Es handelt sich um ein Wahlplakat aus dem Jahr 2009. Zu sehen ist Adolf Sauerland, der nach 2005 in diesem Jahr zum zweiten Mal zum Oberb\u00fcrgermeister gew\u00e4hlt wurde. Viele Duisburger verbinden mit Sauerland nichts Gutes. Bei der Katastrophe der Love Parade in Duisburg im Jahr 2011 hat er sich geweigert, die Verantwortung zu \u00fcbernehmen und wurde schlie\u00dflich durch ein B\u00fcrgerbegehren im Februar 2012 seines Amtes enthoben.<\/p>\n\n\n\n<p>Mir f\u00e4llt noch Vieles ein, was ich zu diesem 15 Jahre alten Fund schreiben k\u00f6nnte. Aber das ist nichts Erfreuliches und deshalb verabschiede ich mich lieber mit etwas Hoffnungsvollerem: Meine ersten zwei Brombeerfeld-Schmetterlinge an diesem Ostersonntag\u2026<\/p>\n\n\n<div class=\"wp-block-image\">\n<figure class=\"aligncenter size-large is-resized\"><img loading=\"lazy\" decoding=\"async\" width=\"1024\" height=\"1024\" src=\"https:\/\/www.libroart.de\/lindabroszeit\/wp-content\/uploads\/2024\/03\/8774B2A5-BD33-48E6-AA90-D43D4DB67B33-1024x1024.jpeg\" alt=\"\" class=\"wp-image-26293\" style=\"width:452px;height:auto\" srcset=\"https:\/\/www.libroart.de\/lindabroszeit\/wp-content\/uploads\/2024\/03\/8774B2A5-BD33-48E6-AA90-D43D4DB67B33.jpeg 1024w, https:\/\/www.libroart.de\/lindabroszeit\/wp-content\/uploads\/2024\/03\/8774B2A5-BD33-48E6-AA90-D43D4DB67B33-300x300.jpeg 300w, https:\/\/www.libroart.de\/lindabroszeit\/wp-content\/uploads\/2024\/03\/8774B2A5-BD33-48E6-AA90-D43D4DB67B33-150x150.jpeg 150w, https:\/\/www.libroart.de\/lindabroszeit\/wp-content\/uploads\/2024\/03\/8774B2A5-BD33-48E6-AA90-D43D4DB67B33-768x768.jpeg 768w, https:\/\/www.libroart.de\/lindabroszeit\/wp-content\/uploads\/2024\/03\/8774B2A5-BD33-48E6-AA90-D43D4DB67B33-144x144.jpeg 144w, https:\/\/www.libroart.de\/lindabroszeit\/wp-content\/uploads\/2024\/03\/8774B2A5-BD33-48E6-AA90-D43D4DB67B33-120x120.jpeg 120w\" sizes=\"auto, (max-width: 709px) 85vw, (max-width: 909px) 67vw, (max-width: 1362px) 62vw, 840px\" \/><\/figure><\/div>","protected":false},"excerpt":{"rendered":"<p>Diese Geschichte ist kein 1. April Scherz. Nach der Winterpause kommt heute mein erster Beitrag \u00fcber das Brombeerfeld vor unserer Haust\u00fcr. Hier versuche ich seit zwei Jahren m\u00f6glichst viele verschiedene Pflanzen heimisch werden zu lassen, um Tieren und Insekten einen besseren Lebensraum zu bieten. Viele von Ihnen haben gestern sicherlich Ostereier versteckt. Nun ich habe &hellip; <a href=\"https:\/\/www.libroart.de\/lindabroszeit\/2024\/04\/01\/mit-adolf-im-brombeerfeld-brombeerfeldnachrichten-1-24\/\" class=\"more-link\"><span class=\"screen-reader-text\">\u201eMit Adolf im Brombeerfeld (Brombeerfeldnachrichten 1\/24)\u201c<\/span> weiterlesen<\/a><\/p>\n","protected":false},"author":1,"featured_media":0,"comment_status":"open","ping_status":"open","sticky":false,"template":"","format":"standard","meta":{"ngg_post_thumbnail":0,"footnotes":""},"categories":[1359],"tags":[3152,3607,3606],"class_list":["post-26282","post","type-post","status-publish","format-standard","hentry","category-duisburg-aus-meiner-sicht","tag-brombeerfeld","tag-love-parade","tag-wahlplakat"],"aioseo_notices":[],"_links":{"self":[{"href":"https:\/\/www.libroart.de\/lindabroszeit\/wp-json\/wp\/v2\/posts\/26282","targetHints":{"allow":["GET"]}}],"collection":[{"href":"https:\/\/www.libroart.de\/lindabroszeit\/wp-json\/wp\/v2\/posts"}],"about":[{"href":"https:\/\/www.libroart.de\/lindabroszeit\/wp-json\/wp\/v2\/types\/post"}],"author":[{"embeddable":true,"href":"https:\/\/www.libroart.de\/lindabroszeit\/wp-json\/wp\/v2\/users\/1"}],"replies":[{"embeddable":true,"href":"https:\/\/www.libroart.de\/lindabroszeit\/wp-json\/wp\/v2\/comments?post=26282"}],"version-history":[{"count":8,"href":"https:\/\/www.libroart.de\/lindabroszeit\/wp-json\/wp\/v2\/posts\/26282\/revisions"}],"predecessor-version":[{"id":26309,"href":"https:\/\/www.libroart.de\/lindabroszeit\/wp-json\/wp\/v2\/posts\/26282\/revisions\/26309"}],"wp:attachment":[{"href":"https:\/\/www.libroart.de\/lindabroszeit\/wp-json\/wp\/v2\/media?parent=26282"}],"wp:term":[{"taxonomy":"category","embeddable":true,"href":"https:\/\/www.libroart.de\/lindabroszeit\/wp-json\/wp\/v2\/categories?post=26282"},{"taxonomy":"post_tag","embeddable":true,"href":"https:\/\/www.libroart.de\/lindabroszeit\/wp-json\/wp\/v2\/tags?post=26282"}],"curies":[{"name":"wp","href":"https:\/\/api.w.org\/{rel}","templated":true}]}}