{"id":23589,"date":"2023-06-05T01:52:00","date_gmt":"2023-06-04T23:52:00","guid":{"rendered":"https:\/\/www.libroart.de\/lindabroszeit\/?p=23589"},"modified":"2023-06-03T06:19:44","modified_gmt":"2023-06-03T04:19:44","slug":"gruesse-vom-brombeerfeld-im-juni","status":"publish","type":"post","link":"https:\/\/www.libroart.de\/lindabroszeit\/2023\/06\/05\/gruesse-vom-brombeerfeld-im-juni\/","title":{"rendered":"Gr\u00fc\u00dfe vom Brombeerfeld im Juni"},"content":{"rendered":"\n<p>Im Mai wurde ich von drei \u00e4lteren Spazierg\u00e4ngern, die am Ex-Brombeerfeld vorbeigingen, darauf angesprochen, dass das doch alles ziemlich ungepflegt aussehe. Meine Hinweise auf Unterst\u00fctzung f\u00fcr Insekten schienen nicht sehr \u00fcberzeugend. Ich habe jetzt einige Fotos mit Tafeln  von der Landesgartenschau kopiert und werde diese beim n\u00e4chsten Mal parat haben, wenn es jemanden wieder zu ungepflegt aussieht.<\/p>\n\n\n\n<figure class=\"wp-block-image size-large is-resized\"><img loading=\"lazy\" decoding=\"async\" src=\"https:\/\/www.libroart.de\/lindabroszeit\/wp-content\/uploads\/2023\/05\/D783E245-1E97-4252-ADA3-7512407727FE-1024x1024.jpeg\" alt=\"\" class=\"wp-image-23590\" width=\"630\" height=\"630\" srcset=\"https:\/\/www.libroart.de\/lindabroszeit\/wp-content\/uploads\/2023\/05\/D783E245-1E97-4252-ADA3-7512407727FE.jpeg 1024w, https:\/\/www.libroart.de\/lindabroszeit\/wp-content\/uploads\/2023\/05\/D783E245-1E97-4252-ADA3-7512407727FE-300x300.jpeg 300w, https:\/\/www.libroart.de\/lindabroszeit\/wp-content\/uploads\/2023\/05\/D783E245-1E97-4252-ADA3-7512407727FE-150x150.jpeg 150w, https:\/\/www.libroart.de\/lindabroszeit\/wp-content\/uploads\/2023\/05\/D783E245-1E97-4252-ADA3-7512407727FE-768x768.jpeg 768w, https:\/\/www.libroart.de\/lindabroszeit\/wp-content\/uploads\/2023\/05\/D783E245-1E97-4252-ADA3-7512407727FE-144x144.jpeg 144w, https:\/\/www.libroart.de\/lindabroszeit\/wp-content\/uploads\/2023\/05\/D783E245-1E97-4252-ADA3-7512407727FE-120x120.jpeg 120w\" sizes=\"auto, (max-width: 709px) 85vw, (max-width: 909px) 67vw, (max-width: 984px) 61vw, (max-width: 1362px) 45vw, 600px\" \/><\/figure>\n\n\n\n<p><\/p>\n\n\n\n<p>Hier ein paar Ungepflegtheiten:<\/p>\n\n\n<div class=\"wp-block-image\">\n<figure class=\"aligncenter size-large is-resized\"><img loading=\"lazy\" decoding=\"async\" src=\"https:\/\/www.libroart.de\/lindabroszeit\/wp-content\/uploads\/2023\/05\/833B5D61-D9FE-457D-BC15-4080B3FD78D5-1024x1024.jpeg\" alt=\"\" class=\"wp-image-23591\" width=\"550\" height=\"550\" srcset=\"https:\/\/www.libroart.de\/lindabroszeit\/wp-content\/uploads\/2023\/05\/833B5D61-D9FE-457D-BC15-4080B3FD78D5.jpeg 1024w, https:\/\/www.libroart.de\/lindabroszeit\/wp-content\/uploads\/2023\/05\/833B5D61-D9FE-457D-BC15-4080B3FD78D5-300x300.jpeg 300w, https:\/\/www.libroart.de\/lindabroszeit\/wp-content\/uploads\/2023\/05\/833B5D61-D9FE-457D-BC15-4080B3FD78D5-150x150.jpeg 150w, https:\/\/www.libroart.de\/lindabroszeit\/wp-content\/uploads\/2023\/05\/833B5D61-D9FE-457D-BC15-4080B3FD78D5-768x768.jpeg 768w, https:\/\/www.libroart.de\/lindabroszeit\/wp-content\/uploads\/2023\/05\/833B5D61-D9FE-457D-BC15-4080B3FD78D5-144x144.jpeg 144w, https:\/\/www.libroart.de\/lindabroszeit\/wp-content\/uploads\/2023\/05\/833B5D61-D9FE-457D-BC15-4080B3FD78D5-120x120.jpeg 120w\" sizes=\"auto, (max-width: 550px) 85vw, 550px\" \/><figcaption class=\"wp-element-caption\">Oben links: Gemeine Pechnelke, darunter  Wiesen-Lieschgras und Nachtviole<br>Oben rechts: Blut-Klee, darunter Wiesen-Pippau<br><\/figcaption><\/figure><\/div>\n\n\n<p>Fotos von Besuchern der Ungepflegtheiten:<\/p>\n\n\n<div class=\"wp-block-image\">\n<figure class=\"aligncenter size-large is-resized\"><img loading=\"lazy\" decoding=\"async\" src=\"https:\/\/www.libroart.de\/lindabroszeit\/wp-content\/uploads\/2023\/05\/42239967-E130-4FD2-B05F-21B3BD38D8A8-1024x1024.jpeg\" alt=\"\" class=\"wp-image-23592\" width=\"559\" height=\"559\" srcset=\"https:\/\/www.libroart.de\/lindabroszeit\/wp-content\/uploads\/2023\/05\/42239967-E130-4FD2-B05F-21B3BD38D8A8.jpeg 1024w, https:\/\/www.libroart.de\/lindabroszeit\/wp-content\/uploads\/2023\/05\/42239967-E130-4FD2-B05F-21B3BD38D8A8-300x300.jpeg 300w, https:\/\/www.libroart.de\/lindabroszeit\/wp-content\/uploads\/2023\/05\/42239967-E130-4FD2-B05F-21B3BD38D8A8-150x150.jpeg 150w, https:\/\/www.libroart.de\/lindabroszeit\/wp-content\/uploads\/2023\/05\/42239967-E130-4FD2-B05F-21B3BD38D8A8-768x768.jpeg 768w, https:\/\/www.libroart.de\/lindabroszeit\/wp-content\/uploads\/2023\/05\/42239967-E130-4FD2-B05F-21B3BD38D8A8-144x144.jpeg 144w, https:\/\/www.libroart.de\/lindabroszeit\/wp-content\/uploads\/2023\/05\/42239967-E130-4FD2-B05F-21B3BD38D8A8-120x120.jpeg 120w\" sizes=\"auto, (max-width: 559px) 85vw, 559px\" \/><\/figure><\/div>\n\n\n<p>Dazu zwischendurch ein Tipp: Noch bis zum 23.7.2023 wird in der Arte-Mediathek der Film \u201eMein Garten, reich an Bienen\u201c gezeigt. W\u00e4hrend der Corona Pandemie beginnt der britische Tierfilmer Martin Dohrn sich f\u00fcr Bienen zu interessieren. Er hat einen kleinen naturbelassenen Stadtgarten mitten in Bristol, in denen er im Laufe der folgenden Monate \u00fcber 60 verschiedene Bienenarten entdeckt und mit Spezialobjektiven filmt. Seine Bilder sind eine glatte 20 auf der Skala zwischen 1 und 10-toll!<\/p>\n\n\n\n<p><a href=\"https:\/\/www.arte.tv\/de\/videos\/108501-000-A\/mein-garten-reich-an-bienen\/\">https:\/\/www.arte.tv\/de\/videos\/108501-000-A\/mein-garten-reich-an-bienen\/<\/a><\/p>\n\n\n\n<p>In unserem Garten, der an  dem Ex-Brombeerfeld angrenzt, setzte ich dem Ganzen noch die Krone aus. Wir haben ein neues Gartenh\u00e4uschen und sein Dach wurde begr\u00fcnt.<\/p>\n\n\n<div class=\"wp-block-image\">\n<figure class=\"aligncenter size-full is-resized\"><img loading=\"lazy\" decoding=\"async\" src=\"https:\/\/www.libroart.de\/lindabroszeit\/wp-content\/uploads\/2023\/05\/IMG_0506.jpeg\" alt=\"\" class=\"wp-image-23593\" width=\"406\" height=\"542\" srcset=\"https:\/\/www.libroart.de\/lindabroszeit\/wp-content\/uploads\/2023\/05\/IMG_0506.jpeg 480w, https:\/\/www.libroart.de\/lindabroszeit\/wp-content\/uploads\/2023\/05\/IMG_0506-225x300.jpeg 225w\" sizes=\"auto, (max-width: 406px) 85vw, 406px\" \/><\/figure><\/div>\n\n\n<p>Kurze Infos zu dem Gartenhaus, falls jemand so etwas sucht: Eine Sonderanfertigung der holl\u00e4ndischen Firma \u201eWoodpro\u201c wegen der Ma\u00dfe, des Daches und dem Einbau von 2 T\u00fcren. Bearbeitung des Auftrags dauerte ca. 2 Wochen. Das Haus wurde in Einzelteilen geliefert und musste von uns zusammengebaut werden. Das Holz ist nur vorbehandelt und muss innerhalb eines Jahres gestrichen werden. Wir diskutieren gerade noch \u00fcber die Farbe: Schwedischrot? Himmelblau? Englishgreen oder sonnengelb? Haben Sie eine Meinung dazu?<\/p>\n\n\n\n<p>Zuerst wollten wir fertige Dachbegr\u00fcnungsplatten installieren, diese hatten allerdings ein viel zu hohes Gewicht- die Traglast des Dachs muss unbedingt beachtet werden. Gegen die Platten sprach letztendlich auch, dass sie nur aus Sedum Pflanzen bestanden. Diese bl\u00fchen im Jahr nur kurz, bringen der Insektenwelt also nicht viel Nutzen.<br>Wir bestellten bei dachbegr\u00fcnung.org  ein Vlies, das Wasser aufsaugt und spezielles Erdsubstrat, das auf den Vlies  verteilt wurde. So standen 6 cm Erdboden zur Verf\u00fcgung. Die Internetfirma bietet auch Minipflanzen an, hier w\u00e4hlte ich Salbei, Thymian, marokkanische Kamille, Mauerpfeffer und Felsennelke aus. Aus den Garten kamen noch Ableger von Storchenschnabel kriechenden G\u00fcnsel und Glockenblume dazu. Ausges\u00e4t habe ich Ringelblumen, Borretsch und kalifornischen Mohn, einige Schneegl\u00f6ckenzwiebeln buddelte  ich auch noch ein. <\/p>\n\n\n<div class=\"wp-block-image\">\n<figure class=\"aligncenter size-full is-resized\"><img loading=\"lazy\" decoding=\"async\" src=\"https:\/\/www.libroart.de\/lindabroszeit\/wp-content\/uploads\/2023\/05\/F1D30010-3981-41F3-A72D-61A807DF9D4B.jpeg\" alt=\"\" class=\"wp-image-23598\" width=\"467\" height=\"467\" srcset=\"https:\/\/www.libroart.de\/lindabroszeit\/wp-content\/uploads\/2023\/05\/F1D30010-3981-41F3-A72D-61A807DF9D4B.jpeg 640w, https:\/\/www.libroart.de\/lindabroszeit\/wp-content\/uploads\/2023\/05\/F1D30010-3981-41F3-A72D-61A807DF9D4B-300x300.jpeg 300w, https:\/\/www.libroart.de\/lindabroszeit\/wp-content\/uploads\/2023\/05\/F1D30010-3981-41F3-A72D-61A807DF9D4B-150x150.jpeg 150w, https:\/\/www.libroart.de\/lindabroszeit\/wp-content\/uploads\/2023\/05\/F1D30010-3981-41F3-A72D-61A807DF9D4B-144x144.jpeg 144w, https:\/\/www.libroart.de\/lindabroszeit\/wp-content\/uploads\/2023\/05\/F1D30010-3981-41F3-A72D-61A807DF9D4B-120x120.jpeg 120w\" sizes=\"auto, (max-width: 467px) 85vw, 467px\" \/><\/figure><\/div>\n\n\n<p>Ich verlie\u00df das Dach mit der gro\u00dfen Neugierde, wie sich alles entwickeln wird.<br>Res\u00fcmee nach 4 Wochen: Die Wasserschale wird sehr gut angenommen, ja und es ist schon ein bisschen gr\u00fcner:<\/p>\n\n\n\n<figure class=\"wp-block-image size-large\"><img loading=\"lazy\" decoding=\"async\" width=\"1024\" height=\"768\" src=\"https:\/\/www.libroart.de\/lindabroszeit\/wp-content\/uploads\/2023\/05\/5E967C29-6C56-422A-A95F-619922C66E9E-1024x768.jpeg\" alt=\"\" class=\"wp-image-23627\" srcset=\"https:\/\/www.libroart.de\/lindabroszeit\/wp-content\/uploads\/2023\/05\/5E967C29-6C56-422A-A95F-619922C66E9E-1024x768.jpeg 1024w, https:\/\/www.libroart.de\/lindabroszeit\/wp-content\/uploads\/2023\/05\/5E967C29-6C56-422A-A95F-619922C66E9E-300x225.jpeg 300w, https:\/\/www.libroart.de\/lindabroszeit\/wp-content\/uploads\/2023\/05\/5E967C29-6C56-422A-A95F-619922C66E9E-768x576.jpeg 768w, https:\/\/www.libroart.de\/lindabroszeit\/wp-content\/uploads\/2023\/05\/5E967C29-6C56-422A-A95F-619922C66E9E-1200x900.jpeg 1200w, https:\/\/www.libroart.de\/lindabroszeit\/wp-content\/uploads\/2023\/05\/5E967C29-6C56-422A-A95F-619922C66E9E.jpeg 1234w\" sizes=\"auto, (max-width: 709px) 85vw, (max-width: 909px) 67vw, (max-width: 1362px) 62vw, 840px\" \/><\/figure>\n\n\n\n<p>Besonders die Glockenblumen, der Mauerpfeffer und die Kamille scheinen sich wohl zu f\u00fchlen. Ausges\u00e4te Ringelblumen und Borretsch sind ca. 5 cm gro\u00df. Ich habe jetzt noch Veilchen und vorgezogene Kapuzinerkresse hinzugef\u00fcgt.<\/p>\n\n\n\n<p>Erw\u00e4hnen m\u00f6chte ich noch die angeschlossene Wassertonne, die \u00fcberfl\u00fcssiges Wasser vom Dach auff\u00e4ngt. Nach dem vielen Regen im Mai war sie voll und jetzt ist sie schon fast wieder leer, dank diverser voller Gie\u00dfkannen.<\/p>\n\n\n\n<p>Keine bezahlte Werbung<\/p>\n","protected":false},"excerpt":{"rendered":"<p>Im Mai wurde ich von drei \u00e4lteren Spazierg\u00e4ngern, die am Ex-Brombeerfeld vorbeigingen, darauf angesprochen, dass das doch alles ziemlich ungepflegt aussehe. Meine Hinweise auf Unterst\u00fctzung f\u00fcr Insekten schienen nicht sehr \u00fcberzeugend. Ich habe jetzt einige Fotos mit Tafeln von der Landesgartenschau kopiert und werde diese beim n\u00e4chsten Mal parat haben, wenn es jemanden wieder zu &hellip; <a href=\"https:\/\/www.libroart.de\/lindabroszeit\/2023\/06\/05\/gruesse-vom-brombeerfeld-im-juni\/\" class=\"more-link\"><span class=\"screen-reader-text\">\u201eGr\u00fc\u00dfe vom Brombeerfeld im Juni\u201c<\/span> weiterlesen<\/a><\/p>\n","protected":false},"author":1,"featured_media":0,"comment_status":"open","ping_status":"open","sticky":false,"template":"","format":"standard","meta":{"ngg_post_thumbnail":0,"footnotes":""},"categories":[1359,3],"tags":[3068,670,3089],"class_list":["post-23589","post","type-post","status-publish","format-standard","hentry","category-duisburg-aus-meiner-sicht","category-mein-garten","tag-dachbegruenung","tag-insekten","tag-wiesenblumen"],"aioseo_notices":[],"_links":{"self":[{"href":"https:\/\/www.libroart.de\/lindabroszeit\/wp-json\/wp\/v2\/posts\/23589","targetHints":{"allow":["GET"]}}],"collection":[{"href":"https:\/\/www.libroart.de\/lindabroszeit\/wp-json\/wp\/v2\/posts"}],"about":[{"href":"https:\/\/www.libroart.de\/lindabroszeit\/wp-json\/wp\/v2\/types\/post"}],"author":[{"embeddable":true,"href":"https:\/\/www.libroart.de\/lindabroszeit\/wp-json\/wp\/v2\/users\/1"}],"replies":[{"embeddable":true,"href":"https:\/\/www.libroart.de\/lindabroszeit\/wp-json\/wp\/v2\/comments?post=23589"}],"version-history":[{"count":11,"href":"https:\/\/www.libroart.de\/lindabroszeit\/wp-json\/wp\/v2\/posts\/23589\/revisions"}],"predecessor-version":[{"id":23698,"href":"https:\/\/www.libroart.de\/lindabroszeit\/wp-json\/wp\/v2\/posts\/23589\/revisions\/23698"}],"wp:attachment":[{"href":"https:\/\/www.libroart.de\/lindabroszeit\/wp-json\/wp\/v2\/media?parent=23589"}],"wp:term":[{"taxonomy":"category","embeddable":true,"href":"https:\/\/www.libroart.de\/lindabroszeit\/wp-json\/wp\/v2\/categories?post=23589"},{"taxonomy":"post_tag","embeddable":true,"href":"https:\/\/www.libroart.de\/lindabroszeit\/wp-json\/wp\/v2\/tags?post=23589"}],"curies":[{"name":"wp","href":"https:\/\/api.w.org\/{rel}","templated":true}]}}