{"id":22858,"date":"2023-03-09T01:33:00","date_gmt":"2023-03-09T00:33:00","guid":{"rendered":"https:\/\/www.libroart.de\/lindabroszeit\/?p=22858"},"modified":"2023-03-08T09:57:25","modified_gmt":"2023-03-08T08:57:25","slug":"gruesse-vom-brombeerfeld-im-maerz","status":"publish","type":"post","link":"https:\/\/www.libroart.de\/lindabroszeit\/2023\/03\/09\/gruesse-vom-brombeerfeld-im-maerz\/","title":{"rendered":"Gr\u00fc\u00dfe vom Brombeerfeld im M\u00e4rz"},"content":{"rendered":"\n<p>Letztes Jahr erz\u00e4hlte ich Ihnen in einigen Beitr\u00e4gen von einem Brombeerfeld und dem Versuch, dort eine Blumenwiese zu installieren. Vorgestern machte ich nach l\u00e4ngerer Zeit mal wieder eine Bestandsaufnahme der Pflanzen. Diesen kleinen sonnigen Gru\u00df wollte ich Ihnen nicht vorenthalten.<\/p>\n\n\n<div class=\"wp-block-image\">\n<figure class=\"aligncenter size-large is-resized\"><img loading=\"lazy\" decoding=\"async\" src=\"https:\/\/www.libroart.de\/lindabroszeit\/wp-content\/uploads\/2023\/03\/03043E97-6545-4B3C-AB9E-608F53463302-1024x972.jpeg\" alt=\"\" class=\"wp-image-22860\" width=\"378\" height=\"359\" srcset=\"https:\/\/www.libroart.de\/lindabroszeit\/wp-content\/uploads\/2023\/03\/03043E97-6545-4B3C-AB9E-608F53463302-1024x972.jpeg 1024w, https:\/\/www.libroart.de\/lindabroszeit\/wp-content\/uploads\/2023\/03\/03043E97-6545-4B3C-AB9E-608F53463302-300x285.jpeg 300w, https:\/\/www.libroart.de\/lindabroszeit\/wp-content\/uploads\/2023\/03\/03043E97-6545-4B3C-AB9E-608F53463302-768x729.jpeg 768w, https:\/\/www.libroart.de\/lindabroszeit\/wp-content\/uploads\/2023\/03\/03043E97-6545-4B3C-AB9E-608F53463302.jpeg 1079w\" sizes=\"auto, (max-width: 378px) 85vw, 378px\" \/><\/figure><\/div>\n\n\n<p>Daneben entdeckte ich B\u00e4rlauch und viele Vergissmeinichtbl\u00e4tter. Auch Disteln, Brennessel, Malven, K\u00f6nigs- und Nachtkerzen werden das Feld f\u00fcr Insekten wieder attraktiv machen.<\/p>\n\n\n\n<p>Eigentlich wollte ich schon viel fr\u00fcher \u201eins Feld\u201c, da ich vom letzten Jahr noch Samen habe, die Kaltkeimer sind, also Frost brauchen, wie z.B. Wicken.<\/p>\n\n\n<div class=\"wp-block-image\">\n<figure class=\"aligncenter size-full is-resized\"><img loading=\"lazy\" decoding=\"async\" src=\"https:\/\/www.libroart.de\/lindabroszeit\/wp-content\/uploads\/2023\/03\/3EEBF5B7-4E06-4D13-89C1-3AFA9415C5E2.jpeg\" alt=\"\" class=\"wp-image-22862\" width=\"347\" height=\"343\" srcset=\"https:\/\/www.libroart.de\/lindabroszeit\/wp-content\/uploads\/2023\/03\/3EEBF5B7-4E06-4D13-89C1-3AFA9415C5E2.jpeg 640w, https:\/\/www.libroart.de\/lindabroszeit\/wp-content\/uploads\/2023\/03\/3EEBF5B7-4E06-4D13-89C1-3AFA9415C5E2-300x296.jpeg 300w, https:\/\/www.libroart.de\/lindabroszeit\/wp-content\/uploads\/2023\/03\/3EEBF5B7-4E06-4D13-89C1-3AFA9415C5E2-120x120.jpeg 120w\" sizes=\"auto, (max-width: 347px) 85vw, 347px\" \/><\/figure><\/div>\n\n\n<p>Seit gestern schneit und friert es. Waren es Wettersamen, die ich da ins Brombeerfeld eingebuddelt habe?<\/p>\n\n\n\n<p><\/p>\n","protected":false},"excerpt":{"rendered":"<p>Letztes Jahr erz\u00e4hlte ich Ihnen in einigen Beitr\u00e4gen von einem Brombeerfeld und dem Versuch, dort eine Blumenwiese zu installieren. Vorgestern machte ich nach l\u00e4ngerer Zeit mal wieder eine Bestandsaufnahme der Pflanzen. Diesen kleinen sonnigen Gru\u00df wollte ich Ihnen nicht vorenthalten. Daneben entdeckte ich B\u00e4rlauch und viele Vergissmeinichtbl\u00e4tter. Auch Disteln, Brennessel, Malven, K\u00f6nigs- und Nachtkerzen werden &hellip; <a href=\"https:\/\/www.libroart.de\/lindabroszeit\/2023\/03\/09\/gruesse-vom-brombeerfeld-im-maerz\/\" class=\"more-link\"><span class=\"screen-reader-text\">\u201eGr\u00fc\u00dfe vom Brombeerfeld im M\u00e4rz\u201c<\/span> weiterlesen<\/a><\/p>\n","protected":false},"author":1,"featured_media":0,"comment_status":"open","ping_status":"open","sticky":false,"template":"","format":"standard","meta":{"ngg_post_thumbnail":0,"footnotes":""},"categories":[3],"tags":[40,2990,670,1902],"class_list":["post-22858","post","type-post","status-publish","format-standard","hentry","category-mein-garten","tag-baerlauch","tag-blumensamen","tag-insekten","tag-loewenzahn"],"aioseo_notices":[],"_links":{"self":[{"href":"https:\/\/www.libroart.de\/lindabroszeit\/wp-json\/wp\/v2\/posts\/22858","targetHints":{"allow":["GET"]}}],"collection":[{"href":"https:\/\/www.libroart.de\/lindabroszeit\/wp-json\/wp\/v2\/posts"}],"about":[{"href":"https:\/\/www.libroart.de\/lindabroszeit\/wp-json\/wp\/v2\/types\/post"}],"author":[{"embeddable":true,"href":"https:\/\/www.libroart.de\/lindabroszeit\/wp-json\/wp\/v2\/users\/1"}],"replies":[{"embeddable":true,"href":"https:\/\/www.libroart.de\/lindabroszeit\/wp-json\/wp\/v2\/comments?post=22858"}],"version-history":[{"count":3,"href":"https:\/\/www.libroart.de\/lindabroszeit\/wp-json\/wp\/v2\/posts\/22858\/revisions"}],"predecessor-version":[{"id":22864,"href":"https:\/\/www.libroart.de\/lindabroszeit\/wp-json\/wp\/v2\/posts\/22858\/revisions\/22864"}],"wp:attachment":[{"href":"https:\/\/www.libroart.de\/lindabroszeit\/wp-json\/wp\/v2\/media?parent=22858"}],"wp:term":[{"taxonomy":"category","embeddable":true,"href":"https:\/\/www.libroart.de\/lindabroszeit\/wp-json\/wp\/v2\/categories?post=22858"},{"taxonomy":"post_tag","embeddable":true,"href":"https:\/\/www.libroart.de\/lindabroszeit\/wp-json\/wp\/v2\/tags?post=22858"}],"curies":[{"name":"wp","href":"https:\/\/api.w.org\/{rel}","templated":true}]}}