{"id":20886,"date":"2022-09-22T01:29:00","date_gmt":"2022-09-21T23:29:00","guid":{"rendered":"https:\/\/www.libroart.de\/lindabroszeit\/?p=20886"},"modified":"2022-10-28T11:00:42","modified_gmt":"2022-10-28T09:00:42","slug":"vogel-des-jahres-2023","status":"publish","type":"post","link":"https:\/\/www.libroart.de\/lindabroszeit\/2022\/09\/22\/vogel-des-jahres-2023\/","title":{"rendered":"Vogel des Jahres 2023"},"content":{"rendered":"\n<div class=\"wp-block-image\"><figure class=\"aligncenter size-large\"><img loading=\"lazy\" decoding=\"async\" width=\"1024\" height=\"712\" src=\"https:\/\/www.libroart.de\/lindabroszeit\/wp-content\/uploads\/2022\/09\/2B4DA628-9625-40CB-B7FB-36C34FDCC936-1024x712.jpeg\" alt=\"\" class=\"wp-image-20906\" srcset=\"https:\/\/www.libroart.de\/lindabroszeit\/wp-content\/uploads\/2022\/09\/2B4DA628-9625-40CB-B7FB-36C34FDCC936-1024x712.jpeg 1024w, https:\/\/www.libroart.de\/lindabroszeit\/wp-content\/uploads\/2022\/09\/2B4DA628-9625-40CB-B7FB-36C34FDCC936-300x209.jpeg 300w, https:\/\/www.libroart.de\/lindabroszeit\/wp-content\/uploads\/2022\/09\/2B4DA628-9625-40CB-B7FB-36C34FDCC936-768x534.jpeg 768w, https:\/\/www.libroart.de\/lindabroszeit\/wp-content\/uploads\/2022\/09\/2B4DA628-9625-40CB-B7FB-36C34FDCC936-1200x834.jpeg 1200w, https:\/\/www.libroart.de\/lindabroszeit\/wp-content\/uploads\/2022\/09\/2B4DA628-9625-40CB-B7FB-36C34FDCC936.jpeg 1280w\" sizes=\"auto, (max-width: 709px) 85vw, (max-width: 909px) 67vw, (max-width: 1362px) 62vw, 840px\" \/><figcaption>GEF\u00c4HRDET<\/figcaption><\/figure><\/div>\n\n\n\n<p>Bild 238 von 365<\/p>\n\n\n\n<p>Zuerst rief ich in meinem Blog auf, sich an der  Wahl zum \u201eVogel des Jahres\u201c zu beteiligen. Jetzt ist er gew\u00e4hlt!<\/p>\n\n\n\n<p>Wer m\u00f6chte mit abstimmen? Hier geht es zu der Seite des NABUS:<\/p>\n\n\n\n<p><a href=\"https:\/\/www.vogeldesjahres.de\/?utm_source=Interessenten&amp;utm_campaign=df15922df9-EMAIL_CAMPAIGN_DO22KW37&amp;utm_medium=email&amp;utm_term=0_af58dac727-df15922df9-267601387\">https:\/\/www.vogeldesjahres.de\/?utm_source=Interessenten&amp;utm_campaign=df15922df9-EMAIL_CAMPAIGN_DO22KW37&amp;utm_medium=email&amp;utm_term=0_af58dac727-df15922df9-267601387<\/a><\/p>\n\n\n\n<p>Man muss einen der f\u00fcnf V\u00f6gel nur anklicken, dann \u00f6ffnet sich das Abstimmungsfenster. Bis zum 27.Oktober kann man noch mitmachen.<\/p>\n\n\n\n<p>P.S. Heute, am 28.10 lese ich, dass das Braunkehlchen zum Vogel des Jahres gew\u00e4hlt wurde. Es ist stark vom Aussterben bedroht, da sein Lebensraum, feuchte Wiesen, um geben von B\u00fcschen oder Zaunpf\u00e4hlen, immer seltener wird.<\/p>\n\n\n\n<figure class=\"wp-block-embed is-type-video is-provider-youtube wp-block-embed-youtube wp-embed-aspect-16-9 wp-has-aspect-ratio\"><div class=\"wp-block-embed__wrapper\">\n<iframe loading=\"lazy\" title=\"Braunkehlchen Gesang\" width=\"840\" height=\"473\" src=\"https:\/\/www.youtube.com\/embed\/gDNsTXg-Dio?feature=oembed\" frameborder=\"0\" allow=\"accelerometer; autoplay; clipboard-write; encrypted-media; gyroscope; picture-in-picture\" allowfullscreen><\/iframe>\n<\/div><\/figure>\n","protected":false},"excerpt":{"rendered":"<p>Bild 238 von 365 Zuerst rief ich in meinem Blog auf, sich an der Wahl zum \u201eVogel des Jahres\u201c zu beteiligen. Jetzt ist er gew\u00e4hlt! Wer m\u00f6chte mit abstimmen? Hier geht es zu der Seite des NABUS: https:\/\/www.vogeldesjahres.de\/?utm_source=Interessenten&amp;utm_campaign=df15922df9-EMAIL_CAMPAIGN_DO22KW37&amp;utm_medium=email&amp;utm_term=0_af58dac727-df15922df9-267601387 Man muss einen der f\u00fcnf V\u00f6gel nur anklicken, dann \u00f6ffnet sich das Abstimmungsfenster. Bis zum 27.Oktober kann &hellip; <a href=\"https:\/\/www.libroart.de\/lindabroszeit\/2022\/09\/22\/vogel-des-jahres-2023\/\" class=\"more-link\"><span class=\"screen-reader-text\">\u201eVogel des Jahres 2023\u201c<\/span> weiterlesen<\/a><\/p>\n","protected":false},"author":1,"featured_media":0,"comment_status":"open","ping_status":"open","sticky":false,"template":"","format":"standard","meta":{"ngg_post_thumbnail":0,"footnotes":""},"categories":[2728,1454],"tags":[1136,625,267],"class_list":["post-20886","post","type-post","status-publish","format-standard","hentry","category-365-tage-projekt","category-gutes-tun","tag-natur","tag-umwelt","tag-voegel"],"aioseo_notices":[],"_links":{"self":[{"href":"https:\/\/www.libroart.de\/lindabroszeit\/wp-json\/wp\/v2\/posts\/20886","targetHints":{"allow":["GET"]}}],"collection":[{"href":"https:\/\/www.libroart.de\/lindabroszeit\/wp-json\/wp\/v2\/posts"}],"about":[{"href":"https:\/\/www.libroart.de\/lindabroszeit\/wp-json\/wp\/v2\/types\/post"}],"author":[{"embeddable":true,"href":"https:\/\/www.libroart.de\/lindabroszeit\/wp-json\/wp\/v2\/users\/1"}],"replies":[{"embeddable":true,"href":"https:\/\/www.libroart.de\/lindabroszeit\/wp-json\/wp\/v2\/comments?post=20886"}],"version-history":[{"count":9,"href":"https:\/\/www.libroart.de\/lindabroszeit\/wp-json\/wp\/v2\/posts\/20886\/revisions"}],"predecessor-version":[{"id":21482,"href":"https:\/\/www.libroart.de\/lindabroszeit\/wp-json\/wp\/v2\/posts\/20886\/revisions\/21482"}],"wp:attachment":[{"href":"https:\/\/www.libroart.de\/lindabroszeit\/wp-json\/wp\/v2\/media?parent=20886"}],"wp:term":[{"taxonomy":"category","embeddable":true,"href":"https:\/\/www.libroart.de\/lindabroszeit\/wp-json\/wp\/v2\/categories?post=20886"},{"taxonomy":"post_tag","embeddable":true,"href":"https:\/\/www.libroart.de\/lindabroszeit\/wp-json\/wp\/v2\/tags?post=20886"}],"curies":[{"name":"wp","href":"https:\/\/api.w.org\/{rel}","templated":true}]}}