{"id":20690,"date":"2022-09-01T01:10:00","date_gmt":"2022-08-31T23:10:00","guid":{"rendered":"https:\/\/www.libroart.de\/lindabroszeit\/?p=20690"},"modified":"2023-05-31T15:29:55","modified_gmt":"2023-05-31T13:29:55","slug":"kleine-sonnenscheinchen-das-brombeerfeld-im-august","status":"publish","type":"post","link":"https:\/\/www.libroart.de\/lindabroszeit\/2022\/09\/01\/kleine-sonnenscheinchen-das-brombeerfeld-im-august\/","title":{"rendered":"Kleine Sonnenscheinchen- Das Brombeerfeld im August Teil 3"},"content":{"rendered":"\n<p>In diesem Monat scheint es an manchen Stellen so, dass die Sonne auf das Feld herabgestiegen ist. Die Bl\u00fctenfarbe gelb herrscht eindeutig vor:<\/p>\n\n\n<div class=\"wp-block-image\">\n<figure class=\"aligncenter size-large is-resized\"><img loading=\"lazy\" decoding=\"async\" src=\"https:\/\/www.libroart.de\/lindabroszeit\/wp-content\/uploads\/2022\/08\/69D412A6-D307-4753-9491-37B84B5B7631-1024x1024.jpeg\" alt=\"\" class=\"wp-image-20697\" width=\"507\" height=\"507\" srcset=\"https:\/\/www.libroart.de\/lindabroszeit\/wp-content\/uploads\/2022\/08\/69D412A6-D307-4753-9491-37B84B5B7631.jpeg 1024w, https:\/\/www.libroart.de\/lindabroszeit\/wp-content\/uploads\/2022\/08\/69D412A6-D307-4753-9491-37B84B5B7631-300x300.jpeg 300w, https:\/\/www.libroart.de\/lindabroszeit\/wp-content\/uploads\/2022\/08\/69D412A6-D307-4753-9491-37B84B5B7631-150x150.jpeg 150w, https:\/\/www.libroart.de\/lindabroszeit\/wp-content\/uploads\/2022\/08\/69D412A6-D307-4753-9491-37B84B5B7631-768x768.jpeg 768w, https:\/\/www.libroart.de\/lindabroszeit\/wp-content\/uploads\/2022\/08\/69D412A6-D307-4753-9491-37B84B5B7631-1200x1200.jpeg 1200w\" sizes=\"auto, (max-width: 507px) 85vw, 507px\" \/><figcaption class=\"wp-element-caption\">Links oben: Goldblume, daneben Topinambur und F\u00e4rber-M\u00e4dchenauge<br>Mitte links: Natterkopf, in der Mitte Sonnenblume, daneben dreifarbige Winde<br>Unten links: Garten-Amarant, daneben gro\u00dfbl\u00fctige Breitsame, rechts Zyperngras<\/figcaption><\/figure><\/div>\n\n\n<p>Gegen Abend erkundet seit ein paar Tagen ein Igel das Feld und die Katze der Nachbarn h\u00e4lt schon mal ein Schl\u00e4fchen zwischen Melisse, L\u00f6wenzahn und Malve. Herr und Frau Fasan gucken auh manchmal vorbei.<\/p>\n\n\n<div class=\"wp-block-image\">\n<figure class=\"aligncenter size-large is-resized\"><img loading=\"lazy\" decoding=\"async\" src=\"https:\/\/www.libroart.de\/lindabroszeit\/wp-content\/uploads\/2022\/08\/4B555F55-B61D-4606-8D54-4E32A3495CC9-974x1024.jpeg\" alt=\"\" class=\"wp-image-20698\" width=\"304\" height=\"319\" srcset=\"https:\/\/www.libroart.de\/lindabroszeit\/wp-content\/uploads\/2022\/08\/4B555F55-B61D-4606-8D54-4E32A3495CC9-974x1024.jpeg 974w, https:\/\/www.libroart.de\/lindabroszeit\/wp-content\/uploads\/2022\/08\/4B555F55-B61D-4606-8D54-4E32A3495CC9-285x300.jpeg 285w, https:\/\/www.libroart.de\/lindabroszeit\/wp-content\/uploads\/2022\/08\/4B555F55-B61D-4606-8D54-4E32A3495CC9-768x807.jpeg 768w, https:\/\/www.libroart.de\/lindabroszeit\/wp-content\/uploads\/2022\/08\/4B555F55-B61D-4606-8D54-4E32A3495CC9-1200x1261.jpeg 1200w, https:\/\/www.libroart.de\/lindabroszeit\/wp-content\/uploads\/2022\/08\/4B555F55-B61D-4606-8D54-4E32A3495CC9.jpeg 1024w\" sizes=\"auto, (max-width: 304px) 85vw, 304px\" \/><\/figure><\/div>\n\n\n<p><br>Um noch mehr \u00fcber Pflanzen zu erfahren, die mit der Trockenheit besser zurecht kommen, habe ich mir diese vier B\u00fccher aus der B\u00fccherei ausgeliehen.<\/p>\n\n\n<div class=\"wp-block-image\">\n<figure class=\"aligncenter size-large is-resized\"><img loading=\"lazy\" decoding=\"async\" src=\"https:\/\/www.libroart.de\/lindabroszeit\/wp-content\/uploads\/2022\/08\/03A34664-7721-4671-9403-8A7C337001A8-840x1024.jpeg\" alt=\"\" class=\"wp-image-20696\" width=\"456\" height=\"556\" srcset=\"https:\/\/www.libroart.de\/lindabroszeit\/wp-content\/uploads\/2022\/08\/03A34664-7721-4671-9403-8A7C337001A8-840x1024.jpeg 840w, https:\/\/www.libroart.de\/lindabroszeit\/wp-content\/uploads\/2022\/08\/03A34664-7721-4671-9403-8A7C337001A8-246x300.jpeg 246w, https:\/\/www.libroart.de\/lindabroszeit\/wp-content\/uploads\/2022\/08\/03A34664-7721-4671-9403-8A7C337001A8-768x936.jpeg 768w, https:\/\/www.libroart.de\/lindabroszeit\/wp-content\/uploads\/2022\/08\/03A34664-7721-4671-9403-8A7C337001A8.jpeg 1024w\" sizes=\"auto, (max-width: 456px) 85vw, 456px\" \/><\/figure><\/div>\n\n\n<p>Dies ist nicht nur f\u00fcr das Brombeerfeld ein aktuelles Thema, sondern auch f\u00fcr unseren Garten.  Gas, \u00d6l und Strom m\u00fcssen gespart werden, aber auch das Grundwasser wird immer knapper. <br>Ich  m\u00f6chte zuk\u00fcnftig  aber weiterhin einen im Sp\u00e4tsommer und Herbst bl\u00fchenden Garten haben ohne viel gie\u00dfen zu m\u00fcssen. <\/p>\n\n\n\n<p>Wenn man zuk\u00fcnftig mehr hitzeresistentere Pflanzen verwendet, die beispielsweise aus S\u00fcdamerika oder Asien stammen, sollte man sich fragen, inwieweit sie einheimische Pflanzen verdr\u00e4ngen und ob sie f\u00fcr die heimische Insektenwelt von Nutzen sind. Auf diese beiden Punkte gehen die B\u00fccher in der oberen Reihe ein. Hier kann man bei den einzelnen Pflanzenportr\u00e4t nachlesen, woher die Pflanze kommt und welchen \u201eMehrwert\u201c sie in unseren Breitengraden f\u00fcr Mensch und Tier bringt. Bei den anderen beiden unteren B\u00fcchern wird dieses nur manchmal im Text erw\u00e4hnt.<br><br>In meinem Garten gibt es Schattenpl\u00e4tze, in denen die Pflanzen ebenfalls unter der Hitze leiden. Also w\u00fcnsche ich mir ein Buch, das auf diese Problematik eingeht. Dieses Thema behandelt das Buch rechts unten am ausf\u00fchrlichsten.<\/p>\n\n\n\n<p>Wenn ich meinen Garten umgestalten m\u00f6chte, freue ich mich \u00fcber Gestaltungstipps.  Das bietet am besten das Buch oben rechts mit sch\u00f6nen Fotos. Das Buch oben links gibt insofern Tipps, als das es zu einzelnen Pflanzen immer noch einige andere Pflanzen auflistet, die gut zusammenpassen.<\/p>\n\n\n\n<p>Entscheidet man sich, seinen Garten auf das zuk\u00fcnftige Klima einzustellen, sollte man sich auch ein bisschen mit Gartentheorie befassen. Ich habe dabei viel Neues gelernt, das ich sofort anwenden kann. Hier ist Buch unten links sehr detailreich.<br><br>Res\u00fcmee:  Es gibt inzwischen eine Reihe von Gartenb\u00fcchern zum Thema Hitzeresistenz. Bei meiner Auswahl ist das Buch von Annette Lepple \u201eGarten ohne gie\u00dfen\u201c dasjenige, das mir die brauchbarsten Informationen und Anregungen geliefert hat. Dazu ist es mit 14 Euro noch das preisg\u00fcnstigste. (Keine bezahlte Werbung).<\/p>\n\n\n\n<p>Zum Schluss stelle ich Ihnen die ersten zwei Pflanzen vor, die nach der Lekt\u00fcre der B\u00fccher in meinem Garten neu eingezogen sind:<\/p>\n\n\n<div class=\"wp-block-image\">\n<figure class=\"aligncenter size-large is-resized\"><img loading=\"lazy\" decoding=\"async\" src=\"https:\/\/www.libroart.de\/lindabroszeit\/wp-content\/uploads\/2022\/08\/A31FBD09-720A-4CA1-AD8B-6BB8285675F0-1024x842.jpeg\" alt=\"\" class=\"wp-image-20699\" width=\"459\" height=\"377\" srcset=\"https:\/\/www.libroart.de\/lindabroszeit\/wp-content\/uploads\/2022\/08\/A31FBD09-720A-4CA1-AD8B-6BB8285675F0-1024x842.jpeg 1024w, https:\/\/www.libroart.de\/lindabroszeit\/wp-content\/uploads\/2022\/08\/A31FBD09-720A-4CA1-AD8B-6BB8285675F0-300x247.jpeg 300w, https:\/\/www.libroart.de\/lindabroszeit\/wp-content\/uploads\/2022\/08\/A31FBD09-720A-4CA1-AD8B-6BB8285675F0-768x631.jpeg 768w, https:\/\/www.libroart.de\/lindabroszeit\/wp-content\/uploads\/2022\/08\/A31FBD09-720A-4CA1-AD8B-6BB8285675F0-1200x986.jpeg 1200w, https:\/\/www.libroart.de\/lindabroszeit\/wp-content\/uploads\/2022\/08\/A31FBD09-720A-4CA1-AD8B-6BB8285675F0.jpeg 1246w\" sizes=\"auto, (max-width: 459px) 85vw, 459px\" \/><figcaption class=\"wp-element-caption\">Der Zwergbleiwurz &#8211; ein winterharter Bodendecker, der bl\u00fcht und gleichzeitig eine sch\u00f6ne Herbstf\u00e4rbung bekommt. Er bevorzugt sandigen, humusarmen Boden, w\u00e4chst in Sonne und Halbschatten und vertr\u00e4gt Trockenheit.<\/figcaption><\/figure><\/div>\n\n<div class=\"wp-block-image\">\n<figure class=\"aligncenter size-large is-resized\"><img loading=\"lazy\" decoding=\"async\" src=\"https:\/\/www.libroart.de\/lindabroszeit\/wp-content\/uploads\/2022\/08\/AF50F335-35FE-4675-A544-131B3358D05E-698x1024.jpeg\" alt=\"\" class=\"wp-image-20700\" width=\"392\" height=\"575\" srcset=\"https:\/\/www.libroart.de\/lindabroszeit\/wp-content\/uploads\/2022\/08\/AF50F335-35FE-4675-A544-131B3358D05E-698x1024.jpeg 698w, https:\/\/www.libroart.de\/lindabroszeit\/wp-content\/uploads\/2022\/08\/AF50F335-35FE-4675-A544-131B3358D05E-204x300.jpeg 204w, https:\/\/www.libroart.de\/lindabroszeit\/wp-content\/uploads\/2022\/08\/AF50F335-35FE-4675-A544-131B3358D05E-768x1127.jpeg 768w, https:\/\/www.libroart.de\/lindabroszeit\/wp-content\/uploads\/2022\/08\/AF50F335-35FE-4675-A544-131B3358D05E.jpeg 872w\" sizes=\"auto, (max-width: 392px) 85vw, 392px\" \/><figcaption class=\"wp-element-caption\">Chinesische  Kreppmyrte: Wenn sie in der Sonne steht, zeigen sich ab August kleine rosa Bl\u00fcten, die lange bl\u00fchen und die von Bienen sehr gemocht werden. Im Herbst f\u00e4rben sich die Bl\u00e4tter golden und rot. Da die Pflanze nur bedingt winterhart ist, habe ich sie in einen Topf gepflanzt, den ich bei Bedarf einr\u00e4umen kann.<\/figcaption><\/figure><\/div>\n\n\n<p>Fortsetzung folgt.<br><br><\/p>\n","protected":false},"excerpt":{"rendered":"<p>In diesem Monat scheint es an manchen Stellen so, dass die Sonne auf das Feld herabgestiegen ist. Die Bl\u00fctenfarbe gelb herrscht eindeutig vor: Gegen Abend erkundet seit ein paar Tagen ein Igel das Feld und die Katze der Nachbarn h\u00e4lt schon mal ein Schl\u00e4fchen zwischen Melisse, L\u00f6wenzahn und Malve. Herr und Frau Fasan gucken auh &hellip; <a href=\"https:\/\/www.libroart.de\/lindabroszeit\/2022\/09\/01\/kleine-sonnenscheinchen-das-brombeerfeld-im-august\/\" class=\"more-link\"><span class=\"screen-reader-text\">\u201eKleine Sonnenscheinchen- Das Brombeerfeld im August Teil 3\u201c<\/span> weiterlesen<\/a><\/p>\n","protected":false},"author":1,"featured_media":0,"comment_status":"open","ping_status":"open","sticky":false,"template":"","format":"standard","meta":{"ngg_post_thumbnail":0,"footnotes":""},"categories":[3],"tags":[966,715,216,150,3089],"class_list":["post-20690","post","type-post","status-publish","format-standard","hentry","category-mein-garten","tag-hitze","tag-klimawandel","tag-pflanzen","tag-wasser","tag-wiesenblumen"],"aioseo_notices":[],"_links":{"self":[{"href":"https:\/\/www.libroart.de\/lindabroszeit\/wp-json\/wp\/v2\/posts\/20690","targetHints":{"allow":["GET"]}}],"collection":[{"href":"https:\/\/www.libroart.de\/lindabroszeit\/wp-json\/wp\/v2\/posts"}],"about":[{"href":"https:\/\/www.libroart.de\/lindabroszeit\/wp-json\/wp\/v2\/types\/post"}],"author":[{"embeddable":true,"href":"https:\/\/www.libroart.de\/lindabroszeit\/wp-json\/wp\/v2\/users\/1"}],"replies":[{"embeddable":true,"href":"https:\/\/www.libroart.de\/lindabroszeit\/wp-json\/wp\/v2\/comments?post=20690"}],"version-history":[{"count":7,"href":"https:\/\/www.libroart.de\/lindabroszeit\/wp-json\/wp\/v2\/posts\/20690\/revisions"}],"predecessor-version":[{"id":23631,"href":"https:\/\/www.libroart.de\/lindabroszeit\/wp-json\/wp\/v2\/posts\/20690\/revisions\/23631"}],"wp:attachment":[{"href":"https:\/\/www.libroart.de\/lindabroszeit\/wp-json\/wp\/v2\/media?parent=20690"}],"wp:term":[{"taxonomy":"category","embeddable":true,"href":"https:\/\/www.libroart.de\/lindabroszeit\/wp-json\/wp\/v2\/categories?post=20690"},{"taxonomy":"post_tag","embeddable":true,"href":"https:\/\/www.libroart.de\/lindabroszeit\/wp-json\/wp\/v2\/tags?post=20690"}],"curies":[{"name":"wp","href":"https:\/\/api.w.org\/{rel}","templated":true}]}}