{"id":19937,"date":"2022-07-11T01:32:00","date_gmt":"2022-07-10T23:32:00","guid":{"rendered":"https:\/\/www.libroart.de\/lindabroszeit\/?p=19937"},"modified":"2022-08-05T04:58:50","modified_gmt":"2022-08-05T02:58:50","slug":"das-brombeerfeld-ein-projekt","status":"publish","type":"post","link":"https:\/\/www.libroart.de\/lindabroszeit\/2022\/07\/11\/das-brombeerfeld-ein-projekt\/","title":{"rendered":"Das Brombeerfeld im Juni (Teil 1)"},"content":{"rendered":"\n<p>2018 berichtete ich  von meinem zweiten Versuch, einen Streifen eines Brombeerfelds hinter unserem Garten in eine Blumenwiese umzuwandeln, damit Insekten dort l\u00e4nger Nahrung finden als in der kurzen Zeit der Brombeerbl\u00fcte. (Siehe unter \u201eRelated Posts).  Dieser Versuch ist damals wie der erste gescheitert, denn Zeitmangel erlaubte es mir nicht, t\u00e4glich die nachwachsenden Brombeeren immer wieder abzuschneiden. So sah das Feld im Februar dieses Jahres wieder so aus.<\/p>\n\n\n\n<div class=\"wp-block-image\"><figure class=\"aligncenter size-full is-resized\"><img loading=\"lazy\" decoding=\"async\" src=\"https:\/\/www.libroart.de\/lindabroszeit\/wp-content\/uploads\/2022\/06\/C89B8E85-0408-474A-B371-AFDD9FB5C50A.jpeg\" alt=\"\" class=\"wp-image-19943\" width=\"555\" height=\"378\" srcset=\"https:\/\/www.libroart.de\/lindabroszeit\/wp-content\/uploads\/2022\/06\/C89B8E85-0408-474A-B371-AFDD9FB5C50A.jpeg 640w, https:\/\/www.libroart.de\/lindabroszeit\/wp-content\/uploads\/2022\/06\/C89B8E85-0408-474A-B371-AFDD9FB5C50A-300x204.jpeg 300w\" sizes=\"auto, (max-width: 555px) 85vw, 555px\" \/><\/figure><\/div>\n\n\n\n<p>Dann kam im M\u00e4rz an einem Morgen pl\u00f6tzlich ein riesiger Bagger und machte Tabula rasa. Ich war zuerst ersch\u00fcttert, denn ich bekam nun live eine Ahnung davon,  wie die t\u00e4glichen Verw\u00fcstungen im Regenwald aussehen.<\/p>\n\n\n\n<div class=\"wp-block-image\"><figure class=\"aligncenter size-full is-resized\"><img loading=\"lazy\" decoding=\"async\" src=\"https:\/\/www.libroart.de\/lindabroszeit\/wp-content\/uploads\/2022\/06\/AF8BF62D-760C-4F41-9849-80E9DEE82D66.jpeg\" alt=\"\" class=\"wp-image-19945\" width=\"544\" height=\"407\" srcset=\"https:\/\/www.libroart.de\/lindabroszeit\/wp-content\/uploads\/2022\/06\/AF8BF62D-760C-4F41-9849-80E9DEE82D66.jpeg 640w, https:\/\/www.libroart.de\/lindabroszeit\/wp-content\/uploads\/2022\/06\/AF8BF62D-760C-4F41-9849-80E9DEE82D66-300x225.jpeg 300w\" sizes=\"auto, (max-width: 544px) 85vw, 544px\" \/><\/figure><\/div>\n\n\n\n<p>Wie meine Nachbarin vom P\u00e4chter des Grundst\u00fccks erfuhr, sollte hier nun eine Wiese entstehen. Abgeholzte d\u00fcnne B\u00e4ume wurden allerdings vor Ort liegen gelassen, auch wurde das Feld nicht eingeebnet, geschweige denn, dass Wildblumensamen ausgestreut wurden. Es passierte nichts.<br>Meine Nachbarin und ich sahen das als Chance, einen dritten Versuch f\u00fcr eine Blumenwiese zu starten und inzwischen haben wir schon erste kleine Erfolge zu verbuchen.<br>So sah es im Mai aus:<\/p>\n\n\n\n<figure class=\"wp-block-image size-large is-resized\"><img loading=\"lazy\" decoding=\"async\" src=\"https:\/\/www.libroart.de\/lindabroszeit\/wp-content\/uploads\/2022\/06\/7342D75B-F305-4DB6-AFCB-67B62911BED5-1024x370.jpeg\" alt=\"\" class=\"wp-image-19946\" width=\"698\" height=\"252\" srcset=\"https:\/\/www.libroart.de\/lindabroszeit\/wp-content\/uploads\/2022\/06\/7342D75B-F305-4DB6-AFCB-67B62911BED5-1024x370.jpeg 1024w, https:\/\/www.libroart.de\/lindabroszeit\/wp-content\/uploads\/2022\/06\/7342D75B-F305-4DB6-AFCB-67B62911BED5-300x108.jpeg 300w, https:\/\/www.libroart.de\/lindabroszeit\/wp-content\/uploads\/2022\/06\/7342D75B-F305-4DB6-AFCB-67B62911BED5-768x277.jpeg 768w, https:\/\/www.libroart.de\/lindabroszeit\/wp-content\/uploads\/2022\/06\/7342D75B-F305-4DB6-AFCB-67B62911BED5-1200x433.jpeg 1200w, https:\/\/www.libroart.de\/lindabroszeit\/wp-content\/uploads\/2022\/06\/7342D75B-F305-4DB6-AFCB-67B62911BED5.jpeg 1280w\" sizes=\"auto, (max-width: 709px) 85vw, (max-width: 909px) 67vw, (max-width: 984px) 61vw, (max-width: 1362px) 45vw, 600px\" \/><\/figure>\n\n\n\n<p>Die Fingerh\u00fcte  waren eine Spende aus dem Garten eines Nachbarn, ein paar Schmetterlings-und Hundsrosenb\u00fcsche waren von uns gepflanzt worden. Goldnessel, Storchenschnabel und Brennnessel herrschen hier momentan noch vor, darunter ein paar sch\u00fcchterne Vergissmeinicht. Der helle gr\u00fcne Fleck rechts in der Mitte ist ausges\u00e4te Phacelia, die sp\u00e4ter noch blau bl\u00fcht und den Boden verbessert.<\/p>\n\n\n\n<p>Stand Ende Juni:<br>Diese Blumen entdeckte ich vor ein paar Tagen auf dem Feld. Sie haben sich selbst angesiedelt oder erste eingearbeitete  Wildblumensamen fangen nun an zu bl\u00fchen.<\/p>\n\n\n\n<div class=\"wp-block-image\"><figure class=\"aligncenter size-large is-resized\"><img decoding=\"async\" src=\"https:\/\/www.libroart.de\/lindabroszeit\/wp-content\/uploads\/2022\/06\/0CBCD6DB-B285-48FB-95BA-C95F1D832EEC-1024x1024.jpeg\" alt=\"\" class=\"wp-image-19938\" width=\"-52\" height=\"-52\" srcset=\"https:\/\/www.libroart.de\/lindabroszeit\/wp-content\/uploads\/2022\/06\/0CBCD6DB-B285-48FB-95BA-C95F1D832EEC.jpeg 1024w, https:\/\/www.libroart.de\/lindabroszeit\/wp-content\/uploads\/2022\/06\/0CBCD6DB-B285-48FB-95BA-C95F1D832EEC-300x300.jpeg 300w, https:\/\/www.libroart.de\/lindabroszeit\/wp-content\/uploads\/2022\/06\/0CBCD6DB-B285-48FB-95BA-C95F1D832EEC-150x150.jpeg 150w, https:\/\/www.libroart.de\/lindabroszeit\/wp-content\/uploads\/2022\/06\/0CBCD6DB-B285-48FB-95BA-C95F1D832EEC-768x768.jpeg 768w, https:\/\/www.libroart.de\/lindabroszeit\/wp-content\/uploads\/2022\/06\/0CBCD6DB-B285-48FB-95BA-C95F1D832EEC-144x144.jpeg 144w, https:\/\/www.libroart.de\/lindabroszeit\/wp-content\/uploads\/2022\/06\/0CBCD6DB-B285-48FB-95BA-C95F1D832EEC-1200x1200.jpeg 1200w\" sizes=\"(max-width: 709px) 85vw, (max-width: 909px) 67vw, (max-width: 1362px) 62vw, 840px\" \/><figcaption>Oben links und darunter zwei Malven, darunter Ampfer-Kn\u00f6terich<br>Oben Mitte: eine Nachtkerze, darunter Flachs und eine Taubnesselart.<br>Rechts: Wilde M\u00f6hre, Klee und Kamille.<\/figcaption><\/figure><\/div>\n\n\n\n<p>Die Brombeeren kommen wieder, aber nicht in dem Ma\u00dfe wie bei den ersten beiden Versuchen. Einige Pflanzen sollen ruhig wieder gro\u00df werden, denn Spatzen waren die Hauptnutznie\u00dfer des Brombeerfeldes. Wir m\u00fcssen auf die Ackerwinde achten, die sich ihr Terrain erobert und Pflanzen erw\u00fcrgt. So erledige ich z.Zt fast t\u00e4glich meine \u201eFeldarbeit\u201c.<\/p>\n\n\n\n<div class=\"wp-block-image\"><figure class=\"aligncenter size-full is-resized\"><img loading=\"lazy\" decoding=\"async\" src=\"https:\/\/www.libroart.de\/lindabroszeit\/wp-content\/uploads\/2022\/06\/5FA73885-DAF7-4114-9C4B-9A0A597AD57C.jpeg\" alt=\"\" class=\"wp-image-19947\" width=\"471\" height=\"347\" srcset=\"https:\/\/www.libroart.de\/lindabroszeit\/wp-content\/uploads\/2022\/06\/5FA73885-DAF7-4114-9C4B-9A0A597AD57C.jpeg 640w, https:\/\/www.libroart.de\/lindabroszeit\/wp-content\/uploads\/2022\/06\/5FA73885-DAF7-4114-9C4B-9A0A597AD57C-300x221.jpeg 300w\" sizes=\"auto, (max-width: 471px) 85vw, 471px\" \/><\/figure><\/div>\n\n\n\n<p>Ich hoffe, Ihnen im Laufe des Sommers noch weitere Pflanzen vorstellen zu k\u00f6nnen. Hummeln und Bienen sind schon t\u00e4gliche Besucher, bin gespannt, welche Schmetterlinge das Feld f\u00fcr sich entdecken.<\/p>\n\n\n\n<p>Des Weiteren hoffe ich, dass diese Aktivit\u00e4ten bei der Stadt Duisburg auf positive Resonanz st\u00f6\u00dft. Aber anscheinend findet ja ganz langsam (Siehe unten Beitrag von 2017!) ein Umdenken statt:<\/p>\n\n\n\n<figure class=\"wp-block-image size-large is-resized\"><img loading=\"lazy\" decoding=\"async\" src=\"https:\/\/www.libroart.de\/lindabroszeit\/wp-content\/uploads\/2022\/07\/F5E6F4CC-B120-4696-ABBA-47F56A8468FB-747x1024.jpeg\" alt=\"\" class=\"wp-image-20052\" width=\"393\" height=\"538\" srcset=\"https:\/\/www.libroart.de\/lindabroszeit\/wp-content\/uploads\/2022\/07\/F5E6F4CC-B120-4696-ABBA-47F56A8468FB-747x1024.jpeg 747w, https:\/\/www.libroart.de\/lindabroszeit\/wp-content\/uploads\/2022\/07\/F5E6F4CC-B120-4696-ABBA-47F56A8468FB-219x300.jpeg 219w, https:\/\/www.libroart.de\/lindabroszeit\/wp-content\/uploads\/2022\/07\/F5E6F4CC-B120-4696-ABBA-47F56A8468FB-768x1053.jpeg 768w, https:\/\/www.libroart.de\/lindabroszeit\/wp-content\/uploads\/2022\/07\/F5E6F4CC-B120-4696-ABBA-47F56A8468FB.jpeg 934w\" sizes=\"auto, (max-width: 393px) 85vw, 393px\" \/><\/figure>\n\n\n\n<p>Dieser Handzettel wurde vor zehn Tagen beim Pflanzenmarkt im Duisburger Kantpark verteilt.<br><\/p>\n\n\n\n<p><\/p>\n","protected":false},"excerpt":{"rendered":"<p>2018 berichtete ich von meinem zweiten Versuch, einen Streifen eines Brombeerfelds hinter unserem Garten in eine Blumenwiese umzuwandeln, damit Insekten dort l\u00e4nger Nahrung finden als in der kurzen Zeit der Brombeerbl\u00fcte. (Siehe unter \u201eRelated Posts). Dieser Versuch ist damals wie der erste gescheitert, denn Zeitmangel erlaubte es mir nicht, t\u00e4glich die nachwachsenden Brombeeren immer wieder &hellip; <a href=\"https:\/\/www.libroart.de\/lindabroszeit\/2022\/07\/11\/das-brombeerfeld-ein-projekt\/\" class=\"more-link\"><span class=\"screen-reader-text\">\u201eDas Brombeerfeld im Juni (Teil 1)\u201c<\/span> weiterlesen<\/a><\/p>\n","protected":false},"author":1,"featured_media":0,"comment_status":"open","ping_status":"open","sticky":false,"template":"","format":"standard","meta":{"ngg_post_thumbnail":0,"footnotes":""},"categories":[1359,1454],"tags":[2990,1987,670,1136,83,2989],"class_list":["post-19937","post","type-post","status-publish","format-standard","hentry","category-duisburg-aus-meiner-sicht","category-gutes-tun","tag-blumensamen","tag-brombeeren","tag-insekten","tag-natur","tag-wiese","tag-wildblumen"],"aioseo_notices":[],"_links":{"self":[{"href":"https:\/\/www.libroart.de\/lindabroszeit\/wp-json\/wp\/v2\/posts\/19937","targetHints":{"allow":["GET"]}}],"collection":[{"href":"https:\/\/www.libroart.de\/lindabroszeit\/wp-json\/wp\/v2\/posts"}],"about":[{"href":"https:\/\/www.libroart.de\/lindabroszeit\/wp-json\/wp\/v2\/types\/post"}],"author":[{"embeddable":true,"href":"https:\/\/www.libroart.de\/lindabroszeit\/wp-json\/wp\/v2\/users\/1"}],"replies":[{"embeddable":true,"href":"https:\/\/www.libroart.de\/lindabroszeit\/wp-json\/wp\/v2\/comments?post=19937"}],"version-history":[{"count":11,"href":"https:\/\/www.libroart.de\/lindabroszeit\/wp-json\/wp\/v2\/posts\/19937\/revisions"}],"predecessor-version":[{"id":20433,"href":"https:\/\/www.libroart.de\/lindabroszeit\/wp-json\/wp\/v2\/posts\/19937\/revisions\/20433"}],"wp:attachment":[{"href":"https:\/\/www.libroart.de\/lindabroszeit\/wp-json\/wp\/v2\/media?parent=19937"}],"wp:term":[{"taxonomy":"category","embeddable":true,"href":"https:\/\/www.libroart.de\/lindabroszeit\/wp-json\/wp\/v2\/categories?post=19937"},{"taxonomy":"post_tag","embeddable":true,"href":"https:\/\/www.libroart.de\/lindabroszeit\/wp-json\/wp\/v2\/tags?post=19937"}],"curies":[{"name":"wp","href":"https:\/\/api.w.org\/{rel}","templated":true}]}}