{"id":16390,"date":"2021-03-23T00:28:00","date_gmt":"2021-03-22T23:28:00","guid":{"rendered":"https:\/\/www.libroart.de\/lindabroszeit\/?p=16390"},"modified":"2021-03-23T07:32:01","modified_gmt":"2021-03-23T06:32:01","slug":"andy-warhol-in-koeln","status":"publish","type":"post","link":"https:\/\/www.libroart.de\/lindabroszeit\/2021\/03\/23\/andy-warhol-in-koeln\/","title":{"rendered":"Andy Warhol in K\u00f6ln"},"content":{"rendered":"\n<p>Am sp\u00e4ten Samstagnachmittag besuchten wir im K\u00f6lner Ludwigmuseum die Ausstellung mit Werken von Andy Warhol.<\/p>\n\n\n\n<figure class=\"wp-block-image size-large is-resized\"><img loading=\"lazy\" decoding=\"async\" src=\"https:\/\/www.libroart.de\/lindabroszeit\/wp-content\/uploads\/2021\/03\/DD55B6E8-AE3C-412F-8402-618760073CEB-768x1024.jpeg\" alt=\"\" class=\"wp-image-16392\" width=\"336\" height=\"448\" srcset=\"https:\/\/www.libroart.de\/lindabroszeit\/wp-content\/uploads\/2021\/03\/DD55B6E8-AE3C-412F-8402-618760073CEB-768x1024.jpeg 768w, https:\/\/www.libroart.de\/lindabroszeit\/wp-content\/uploads\/2021\/03\/DD55B6E8-AE3C-412F-8402-618760073CEB-225x300.jpeg 225w, https:\/\/www.libroart.de\/lindabroszeit\/wp-content\/uploads\/2021\/03\/DD55B6E8-AE3C-412F-8402-618760073CEB.jpeg 960w\" sizes=\"auto, (max-width: 336px) 85vw, 336px\" \/><\/figure>\n\n\n\n<p>Seitdem mein Mann vorletzte Woche im Internet zwei Eintrittskarten ergattert hatte war ich in Hochstimmung: Endlich mal wieder ein Museum besuchen! Diese Begeisterung bekam einen ersten Schleier, als wir in die K\u00f6lner Innenstadt fuhren. Zum letzten Mal war ich im September in einer lebhaften Gro\u00dfstadt gewesen und sah jetzt eine Geisterstadt, ich fand es schrecklich. <br>Nach der Registrierung im Museum, war ganz unkompliziert, durften wir in die Ausstellung: Es war voll! Zu voll nach meinem Geschmack. Direkt am Anfang staute es sich, denn an einer Wand stand ein  stichwortartiger Lebenslauf in zu kleiner Schrift, wenn man sich nicht nach vorne dr\u00e4ngeln wollte und auf Abstandhalten achtete.<\/p>\n\n\n\n<p>Die Ausstellung erstreckt sich \u00fcber mehrere R\u00e4ume, die z.T. auch klein sind.  Obwohl ich bedingt durch meine Arbeit bei der AWO schon geimpft bin, f\u00fchlte ich mich unwohl und konnte den Museumsbesuch nicht so recht genie\u00dfen. Was ebenfalls nicht f\u00f6rdernd war: Fast ununterbrochen erklang ein Warnton, dass jemand zu nah an ein Bild herantrat. Nur vor wenigen Bildern hatte man mit Holzst\u00e4ben auf dem Boden einen Sicherheitsabstand sichtbar gemacht, so dass  bei den anderen Exponaten ein unbeabsichtigtes Tappen in die Alarmfalle fast unvermeidbar war. Das konnte man schlie\u00dflich nur noch mit Galgenhumor ertragen.<\/p>\n\n\n\n<figure class=\"wp-block-image size-large is-resized\"><img loading=\"lazy\" decoding=\"async\" src=\"https:\/\/www.libroart.de\/lindabroszeit\/wp-content\/uploads\/2021\/03\/4701C51E-3E34-479C-9340-38E79A69A76E-1024x768.jpeg\" alt=\"\" class=\"wp-image-16393\" width=\"417\" height=\"312\" srcset=\"https:\/\/www.libroart.de\/lindabroszeit\/wp-content\/uploads\/2021\/03\/4701C51E-3E34-479C-9340-38E79A69A76E-1024x768.jpeg 1024w, https:\/\/www.libroart.de\/lindabroszeit\/wp-content\/uploads\/2021\/03\/4701C51E-3E34-479C-9340-38E79A69A76E-300x225.jpeg 300w, https:\/\/www.libroart.de\/lindabroszeit\/wp-content\/uploads\/2021\/03\/4701C51E-3E34-479C-9340-38E79A69A76E-768x576.jpeg 768w, https:\/\/www.libroart.de\/lindabroszeit\/wp-content\/uploads\/2021\/03\/4701C51E-3E34-479C-9340-38E79A69A76E-1200x900.jpeg 1200w, https:\/\/www.libroart.de\/lindabroszeit\/wp-content\/uploads\/2021\/03\/4701C51E-3E34-479C-9340-38E79A69A76E.jpeg 1280w\" sizes=\"auto, (max-width: 417px) 85vw, 417px\" \/><\/figure>\n\n\n\n<p>Diese \u201eSilberwolken\u201c waren mit Helium gef\u00fcllt und schwebten durch den Raum, d.h. auch vor die F\u00fc\u00dfe der Besucher. Wollte man weitergehen, musste man notgedrungen die Wolken mit den F\u00fc\u00dfen wegkicken= Anschiss vom Museumsw\u00e4rter.<br>Nein, es gab nicht so viele \u201eGood Vibrations\u201c in dieser Ausstellung. Das h\u00e4tte ich locker weggesteckt, wenn die Auswahl der Warhol Exponate eine andere gewesen w\u00e4re. Es wurden neben Videoinstallationen in zwei R\u00e4umen fast nur die typischen Siebdrucke gezeigt und ich empfand zu diesem Zeitpunkt die gro\u00dfe Ausstellung letztendlich etwas langweilig. <\/p>\n\n\n\n<figure class=\"wp-block-image size-large is-resized\"><img loading=\"lazy\" decoding=\"async\" src=\"https:\/\/www.libroart.de\/lindabroszeit\/wp-content\/uploads\/2021\/03\/48479782-096E-4830-AB35-400EC48D0CB6-754x1024.jpeg\" alt=\"\" class=\"wp-image-16395\" width=\"323\" height=\"438\" srcset=\"https:\/\/www.libroart.de\/lindabroszeit\/wp-content\/uploads\/2021\/03\/48479782-096E-4830-AB35-400EC48D0CB6-754x1024.jpeg 754w, https:\/\/www.libroart.de\/lindabroszeit\/wp-content\/uploads\/2021\/03\/48479782-096E-4830-AB35-400EC48D0CB6-221x300.jpeg 221w, https:\/\/www.libroart.de\/lindabroszeit\/wp-content\/uploads\/2021\/03\/48479782-096E-4830-AB35-400EC48D0CB6-768x1044.jpeg 768w, https:\/\/www.libroart.de\/lindabroszeit\/wp-content\/uploads\/2021\/03\/48479782-096E-4830-AB35-400EC48D0CB6.jpeg 942w\" sizes=\"auto, (max-width: 323px) 85vw, 323px\" \/><\/figure>\n\n\n\n<p><\/p>\n\n\n\n<p>Am interessantesten fand ich zu diesem Zeitpunkt seine fr\u00fchen Werke, wie z.B. dieses Bild<\/p>\n\n\n\n<figure class=\"wp-block-image size-large\"><img loading=\"lazy\" decoding=\"async\" width=\"1024\" height=\"1024\" src=\"https:\/\/www.libroart.de\/lindabroszeit\/wp-content\/uploads\/2021\/03\/BCD9AD7C-0064-48CB-88F0-C6F1E7944FFA-1024x1024.jpeg\" alt=\"\" class=\"wp-image-16397\" srcset=\"https:\/\/www.libroart.de\/lindabroszeit\/wp-content\/uploads\/2021\/03\/BCD9AD7C-0064-48CB-88F0-C6F1E7944FFA-1024x1024.jpeg 1024w, https:\/\/www.libroart.de\/lindabroszeit\/wp-content\/uploads\/2021\/03\/BCD9AD7C-0064-48CB-88F0-C6F1E7944FFA-300x300.jpeg 300w, https:\/\/www.libroart.de\/lindabroszeit\/wp-content\/uploads\/2021\/03\/BCD9AD7C-0064-48CB-88F0-C6F1E7944FFA-150x150.jpeg 150w, https:\/\/www.libroart.de\/lindabroszeit\/wp-content\/uploads\/2021\/03\/BCD9AD7C-0064-48CB-88F0-C6F1E7944FFA-768x767.jpeg 768w, https:\/\/www.libroart.de\/lindabroszeit\/wp-content\/uploads\/2021\/03\/BCD9AD7C-0064-48CB-88F0-C6F1E7944FFA-144x144.jpeg 144w, https:\/\/www.libroart.de\/lindabroszeit\/wp-content\/uploads\/2021\/03\/BCD9AD7C-0064-48CB-88F0-C6F1E7944FFA-1200x1199.jpeg 1200w, https:\/\/www.libroart.de\/lindabroszeit\/wp-content\/uploads\/2021\/03\/BCD9AD7C-0064-48CB-88F0-C6F1E7944FFA.jpeg 1025w\" sizes=\"auto, (max-width: 709px) 85vw, (max-width: 909px) 67vw, (max-width: 1362px) 62vw, 840px\" \/><\/figure>\n\n\n\n<p><\/p>\n\n\n\n<p>und eine Dokumentation \u00fcber seine Kunstzeitschrift, die er eine Zeitlang herausgegeben hatte.<\/p>\n\n\n\n<p>Sonntag : Ich  besch\u00e4ftigte  mich zuhause weiter mit der Ausstellung und las das kostenlose Begleitheft, das im ersten Museumsraum auslag.<\/p>\n\n\n\n<figure class=\"wp-block-image size-large is-resized\"><img loading=\"lazy\" decoding=\"async\" src=\"https:\/\/www.libroart.de\/lindabroszeit\/wp-content\/uploads\/2021\/03\/01336749-8271-4460-82A0-55FA4A77A998.jpeg\" alt=\"\" class=\"wp-image-16404\" width=\"166\" height=\"241\" srcset=\"https:\/\/www.libroart.de\/lindabroszeit\/wp-content\/uploads\/2021\/03\/01336749-8271-4460-82A0-55FA4A77A998.jpeg 441w, https:\/\/www.libroart.de\/lindabroszeit\/wp-content\/uploads\/2021\/03\/01336749-8271-4460-82A0-55FA4A77A998-207x300.jpeg 207w\" sizes=\"auto, (max-width: 166px) 85vw, 166px\" \/><\/figure>\n\n\n\n<p>H\u00e4tte ich dies nur w\u00e4hrend der Ausstellung gelesen! Sehr gute Hintergrundinformationen zu den einzelnen Werken, die mir jetzt teilweise in einem ganz anderen Licht erscheinen.  Ich \u00e4rgerte mich \u00fcber mich selbst und lie\u00df im Kopf  meinen Gang durch die Ausstellung noch einmal Revue passieren. H\u00e4tte ich vor den Bildern oder in einer ruhigen Ecke das Heft lesen k\u00f6nnen? Njein. In den kleinen R\u00e4umen auf keinen Fall, in den gr\u00f6\u00dferen R\u00e4umen vielleicht, aber nicht mit Mu\u00dfe und in Ruhe. Zu viele Menschen, zu laut und nat\u00fcrlich auch keine Sitzgelegenheiten.<br>Ich grummelte und dabei kam dann diese Postkarte heraus:<\/p>\n\n\n\n<figure class=\"wp-block-image size-large\"><img loading=\"lazy\" decoding=\"async\" width=\"1024\" height=\"734\" src=\"https:\/\/www.libroart.de\/lindabroszeit\/wp-content\/uploads\/2021\/03\/3894CDA5-8835-4302-8D6B-ED83C8409AAA-1024x734.jpeg\" alt=\"\" class=\"wp-image-16398\" srcset=\"https:\/\/www.libroart.de\/lindabroszeit\/wp-content\/uploads\/2021\/03\/3894CDA5-8835-4302-8D6B-ED83C8409AAA-1024x734.jpeg 1024w, https:\/\/www.libroart.de\/lindabroszeit\/wp-content\/uploads\/2021\/03\/3894CDA5-8835-4302-8D6B-ED83C8409AAA-300x215.jpeg 300w, https:\/\/www.libroart.de\/lindabroszeit\/wp-content\/uploads\/2021\/03\/3894CDA5-8835-4302-8D6B-ED83C8409AAA-768x550.jpeg 768w, https:\/\/www.libroart.de\/lindabroszeit\/wp-content\/uploads\/2021\/03\/3894CDA5-8835-4302-8D6B-ED83C8409AAA-1200x860.jpeg 1200w, https:\/\/www.libroart.de\/lindabroszeit\/wp-content\/uploads\/2021\/03\/3894CDA5-8835-4302-8D6B-ED83C8409AAA.jpeg 1280w\" sizes=\"auto, (max-width: 709px) 85vw, (max-width: 909px) 67vw, (max-width: 1362px) 62vw, 840px\" \/><\/figure>\n\n\n\n<p>Sie tr\u00e4gt den Titel \u201eWie die Motten das Licht\u201c.<\/p>\n\n\n\n<p>Res\u00fcmee: Diesen Museumsbesuch werde ich sicherlich nicht vergessen und bei meinem ganzen Gem\u00e4kele bleibt trotzdem ein gutes Gef\u00fchl. Endlich sich mal wieder live mit Kunst besch\u00e4ftigen, das war f\u00fcr mich ein St\u00fcck zur\u00fcckgewonnene Lebensqualit\u00e4t. <\/p>\n\n\n\n<p>Ja und der Samstagabend war nach dem Verlassen der Ausstellung ja auch  noch nicht zu Ende&#8230;Er hielt f\u00fcr mich noch eine kreative \u00dcberraschung bereit, die mich richtig befl\u00fcgelte. Am Donnerstag geht es weiter.<\/p>\n","protected":false},"excerpt":{"rendered":"<p>Am sp\u00e4ten Samstagnachmittag besuchten wir im K\u00f6lner Ludwigmuseum die Ausstellung mit Werken von Andy Warhol. Seitdem mein Mann vorletzte Woche im Internet zwei Eintrittskarten ergattert hatte war ich in Hochstimmung: Endlich mal wieder ein Museum besuchen! Diese Begeisterung bekam einen ersten Schleier, als wir in die K\u00f6lner Innenstadt fuhren. Zum letzten Mal war ich im &hellip; <a href=\"https:\/\/www.libroart.de\/lindabroszeit\/2021\/03\/23\/andy-warhol-in-koeln\/\" class=\"more-link\"><span class=\"screen-reader-text\">\u201eAndy Warhol in K\u00f6ln\u201c<\/span> weiterlesen<\/a><\/p>\n","protected":false},"author":1,"featured_media":0,"comment_status":"open","ping_status":"open","sticky":false,"template":"","format":"standard","meta":{"ngg_post_thumbnail":0,"footnotes":""},"categories":[770],"tags":[56,2557,2556],"class_list":["post-16390","post","type-post","status-publish","format-standard","hentry","category-museumsbesuche","tag-koeln","tag-ludwig-museum","tag-warhol"],"aioseo_notices":[],"_links":{"self":[{"href":"https:\/\/www.libroart.de\/lindabroszeit\/wp-json\/wp\/v2\/posts\/16390","targetHints":{"allow":["GET"]}}],"collection":[{"href":"https:\/\/www.libroart.de\/lindabroszeit\/wp-json\/wp\/v2\/posts"}],"about":[{"href":"https:\/\/www.libroart.de\/lindabroszeit\/wp-json\/wp\/v2\/types\/post"}],"author":[{"embeddable":true,"href":"https:\/\/www.libroart.de\/lindabroszeit\/wp-json\/wp\/v2\/users\/1"}],"replies":[{"embeddable":true,"href":"https:\/\/www.libroart.de\/lindabroszeit\/wp-json\/wp\/v2\/comments?post=16390"}],"version-history":[{"count":6,"href":"https:\/\/www.libroart.de\/lindabroszeit\/wp-json\/wp\/v2\/posts\/16390\/revisions"}],"predecessor-version":[{"id":16409,"href":"https:\/\/www.libroart.de\/lindabroszeit\/wp-json\/wp\/v2\/posts\/16390\/revisions\/16409"}],"wp:attachment":[{"href":"https:\/\/www.libroart.de\/lindabroszeit\/wp-json\/wp\/v2\/media?parent=16390"}],"wp:term":[{"taxonomy":"category","embeddable":true,"href":"https:\/\/www.libroart.de\/lindabroszeit\/wp-json\/wp\/v2\/categories?post=16390"},{"taxonomy":"post_tag","embeddable":true,"href":"https:\/\/www.libroart.de\/lindabroszeit\/wp-json\/wp\/v2\/tags?post=16390"}],"curies":[{"name":"wp","href":"https:\/\/api.w.org\/{rel}","templated":true}]}}