{"id":16126,"date":"2021-02-04T04:01:47","date_gmt":"2021-02-04T03:01:47","guid":{"rendered":"https:\/\/www.libroart.de\/lindabroszeit\/?p=16126"},"modified":"2021-10-11T13:25:06","modified_gmt":"2021-10-11T11:25:06","slug":"was-heisst-schon-alt","status":"publish","type":"post","link":"https:\/\/www.libroart.de\/lindabroszeit\/2021\/02\/04\/was-heisst-schon-alt\/","title":{"rendered":"Was hei\u00dft schon alt?"},"content":{"rendered":"\n<p>In den Fenstern des Rheinhauser AWO-BBZ auf der Friedrich-Ebert-Str. 147 gibt es in diesem Jahr regelm\u00e4\u00dfige kleine Ausstellungen, nachdem die erste Ausstellung im letzten Jahr auf reges Interesse bei Spazierg\u00e4ngern stie\u00df, die an unserem B\u00fcro vorbei kamen. Dieses Mal zeigen Fotos, dass es auf die Betrachtungsweise ankommt, ob jemand oder etwas alt ist oder nicht. Hier habe ich ein paar Beispiele:<\/p>\n\n\n\n<figure class=\"wp-block-image size-large\"><img loading=\"lazy\" decoding=\"async\" width=\"1024\" height=\"1024\" src=\"https:\/\/www.libroart.de\/lindabroszeit\/wp-content\/uploads\/2021\/02\/19FAC511-06FF-4A3F-B427-D886FC0A223A-1024x1024.jpeg\" alt=\"\" class=\"wp-image-16128\" srcset=\"https:\/\/www.libroart.de\/lindabroszeit\/wp-content\/uploads\/2021\/02\/19FAC511-06FF-4A3F-B427-D886FC0A223A.jpeg 1024w, https:\/\/www.libroart.de\/lindabroszeit\/wp-content\/uploads\/2021\/02\/19FAC511-06FF-4A3F-B427-D886FC0A223A-300x300.jpeg 300w, https:\/\/www.libroart.de\/lindabroszeit\/wp-content\/uploads\/2021\/02\/19FAC511-06FF-4A3F-B427-D886FC0A223A-150x150.jpeg 150w, https:\/\/www.libroart.de\/lindabroszeit\/wp-content\/uploads\/2021\/02\/19FAC511-06FF-4A3F-B427-D886FC0A223A-768x768.jpeg 768w, https:\/\/www.libroart.de\/lindabroszeit\/wp-content\/uploads\/2021\/02\/19FAC511-06FF-4A3F-B427-D886FC0A223A-144x144.jpeg 144w, https:\/\/www.libroart.de\/lindabroszeit\/wp-content\/uploads\/2021\/02\/19FAC511-06FF-4A3F-B427-D886FC0A223A-1200x1200.jpeg 1200w\" sizes=\"auto, (max-width: 709px) 85vw, (max-width: 909px) 67vw, (max-width: 1362px) 62vw, 840px\" \/><\/figure>\n\n\n\n<figure class=\"wp-block-image size-large is-resized\"><img loading=\"lazy\" decoding=\"async\" src=\"https:\/\/www.libroart.de\/lindabroszeit\/wp-content\/uploads\/2021\/02\/94DD5C2F-2913-4DA7-ADA7-924744981D7B-1024x1024.jpeg\" alt=\"\" class=\"wp-image-16129\" width=\"610\" height=\"610\" srcset=\"https:\/\/www.libroart.de\/lindabroszeit\/wp-content\/uploads\/2021\/02\/94DD5C2F-2913-4DA7-ADA7-924744981D7B.jpeg 1024w, https:\/\/www.libroart.de\/lindabroszeit\/wp-content\/uploads\/2021\/02\/94DD5C2F-2913-4DA7-ADA7-924744981D7B-300x300.jpeg 300w, https:\/\/www.libroart.de\/lindabroszeit\/wp-content\/uploads\/2021\/02\/94DD5C2F-2913-4DA7-ADA7-924744981D7B-150x150.jpeg 150w, https:\/\/www.libroart.de\/lindabroszeit\/wp-content\/uploads\/2021\/02\/94DD5C2F-2913-4DA7-ADA7-924744981D7B-768x768.jpeg 768w, https:\/\/www.libroart.de\/lindabroszeit\/wp-content\/uploads\/2021\/02\/94DD5C2F-2913-4DA7-ADA7-924744981D7B-144x144.jpeg 144w, https:\/\/www.libroart.de\/lindabroszeit\/wp-content\/uploads\/2021\/02\/94DD5C2F-2913-4DA7-ADA7-924744981D7B-1200x1200.jpeg 1200w\" sizes=\"auto, (max-width: 709px) 85vw, (max-width: 909px) 67vw, (max-width: 984px) 61vw, (max-width: 1362px) 45vw, 600px\" \/><\/figure>\n\n\n\n<p>Die Bilder sind bis Ende Februar zu sehen. Im M\u00e4rz widmen wir uns dem Thema \u201eFr\u00fchling\u201c. Wer dazu ein Lieblingsgedicht oder einen sch\u00f6nen Spruch hat, kann gerne teilnehmen und mir den Text ( bitte nicht l\u00e4nger als zehn Zeilen) an folgende Adresse senden: broszeit@awo-duisburg.de. Wenn m\u00f6glich, bitte den\/ die Verfasser\/in des Textes nennen.<\/p>\n","protected":false},"excerpt":{"rendered":"<p>In den Fenstern des Rheinhauser AWO-BBZ auf der Friedrich-Ebert-Str. 147 gibt es in diesem Jahr regelm\u00e4\u00dfige kleine Ausstellungen, nachdem die erste Ausstellung im letzten Jahr auf reges Interesse bei Spazierg\u00e4ngern stie\u00df, die an unserem B\u00fcro vorbei kamen. Dieses Mal zeigen Fotos, dass es auf die Betrachtungsweise ankommt, ob jemand oder etwas alt ist oder nicht. &hellip; <a href=\"https:\/\/www.libroart.de\/lindabroszeit\/2021\/02\/04\/was-heisst-schon-alt\/\" class=\"more-link\"><span class=\"screen-reader-text\">\u201eWas hei\u00dft schon alt?\u201c<\/span> weiterlesen<\/a><\/p>\n","protected":false},"author":1,"featured_media":0,"comment_status":"open","ping_status":"open","sticky":false,"template":"","format":"standard","meta":{"ngg_post_thumbnail":0,"footnotes":""},"categories":[1359,166],"tags":[98,1484,45,285],"class_list":["post-16126","post","type-post","status-publish","format-standard","hentry","category-duisburg-aus-meiner-sicht","category-fotostunden","tag-alter","tag-awo","tag-fotoausstellung","tag-rente"],"aioseo_notices":[],"_links":{"self":[{"href":"https:\/\/www.libroart.de\/lindabroszeit\/wp-json\/wp\/v2\/posts\/16126","targetHints":{"allow":["GET"]}}],"collection":[{"href":"https:\/\/www.libroart.de\/lindabroszeit\/wp-json\/wp\/v2\/posts"}],"about":[{"href":"https:\/\/www.libroart.de\/lindabroszeit\/wp-json\/wp\/v2\/types\/post"}],"author":[{"embeddable":true,"href":"https:\/\/www.libroart.de\/lindabroszeit\/wp-json\/wp\/v2\/users\/1"}],"replies":[{"embeddable":true,"href":"https:\/\/www.libroart.de\/lindabroszeit\/wp-json\/wp\/v2\/comments?post=16126"}],"version-history":[{"count":5,"href":"https:\/\/www.libroart.de\/lindabroszeit\/wp-json\/wp\/v2\/posts\/16126\/revisions"}],"predecessor-version":[{"id":17483,"href":"https:\/\/www.libroart.de\/lindabroszeit\/wp-json\/wp\/v2\/posts\/16126\/revisions\/17483"}],"wp:attachment":[{"href":"https:\/\/www.libroart.de\/lindabroszeit\/wp-json\/wp\/v2\/media?parent=16126"}],"wp:term":[{"taxonomy":"category","embeddable":true,"href":"https:\/\/www.libroart.de\/lindabroszeit\/wp-json\/wp\/v2\/categories?post=16126"},{"taxonomy":"post_tag","embeddable":true,"href":"https:\/\/www.libroart.de\/lindabroszeit\/wp-json\/wp\/v2\/tags?post=16126"}],"curies":[{"name":"wp","href":"https:\/\/api.w.org\/{rel}","templated":true}]}}