{"id":14449,"date":"2020-05-26T01:24:58","date_gmt":"2020-05-25T23:24:58","guid":{"rendered":"https:\/\/www.libroart.de\/lindabroszeit\/?p=14449"},"modified":"2023-11-26T19:05:51","modified_gmt":"2023-11-26T18:05:51","slug":"geordnet-und-katalogisiert","status":"publish","type":"post","link":"https:\/\/www.libroart.de\/lindabroszeit\/2020\/05\/26\/geordnet-und-katalogisiert\/","title":{"rendered":"Der Sezierer des \u201egrauen\u201c Alltags"},"content":{"rendered":"\n<p>Und hier ein weiterer Autor, den ich dieses Jahr neu entdeckt habe:<\/p>\n\n\n\n<figure class=\"wp-block-image\"><img loading=\"lazy\" decoding=\"async\" width=\"640\" height=\"493\" src=\"https:\/\/www.libroart.de\/lindabroszeit\/wp-content\/uploads\/2020\/05\/34AF47DF-BC96-436F-B612-DBD49ADEBA89.jpeg\" alt=\"\" class=\"wp-image-14450\" srcset=\"https:\/\/www.libroart.de\/lindabroszeit\/wp-content\/uploads\/2020\/05\/34AF47DF-BC96-436F-B612-DBD49ADEBA89.jpeg 640w, https:\/\/www.libroart.de\/lindabroszeit\/wp-content\/uploads\/2020\/05\/34AF47DF-BC96-436F-B612-DBD49ADEBA89-300x231.jpeg 300w\" sizes=\"auto, (max-width: 709px) 85vw, (max-width: 909px) 67vw, (max-width: 984px) 61vw, (max-width: 1362px) 45vw, 600px\" \/><\/figure>\n\n\n\n<p>Georges Perec, ein franz\u00f6sischer Autor, legt in seinen B\u00fcchern den Alltag unter das Mikroskop und erfasst minuti\u00f6s jede Art von Handlung, die zu einem Vorgang geh\u00f6rt, h\u00e4lt jede noch so unbedeutende Beobachtung fest und erkundet M\u00f6glichkeiten des Ordnens. Er ist nicht auf Sensationen aus wie beispielsweise Zeitungen. Perec ist von Zeitungen gelangweilt, denn sie berichten nicht \u00fcber Dinge, die sein Leben betreffen, nicht \u00fcber den gew\u00f6hnlichen Alltag oder \u00fcber Selbstverst\u00e4ndliches.<\/p>\n\n\n\n<p>Im rechten Buch listet er die Beobachtungen auf, die er 1974 an drei Tagen gemacht hat. T\u00e4glich hat er mehrere Stunden auf dem Pariser Place Saint-Sulpice gesessen und notiert: Menschen, Fahrzeuge, Tiere, Ger\u00e4usche, D\u00fcfte, wechselnde Schriftz\u00fcge,  Beleuchtungen, Farben. An den drei Tagen gibt es Regelm\u00e4\u00dfigkeiten, wie beispielsweise immer wieder vorbeifahrende Busse oder Menschen, die zu ihrer Arbeit gehen, aber auch viele \u201eMikro-Ereignisse\u201c, die so unterschiedlich sind, dass selbst der langweiligste Alltag interessant sein kann, wenn man nur genau hinschaut.<\/p>\n\n\n\n<p>Im linken Buch erhebt er mit dem Thema \u201eDenken\/Ordnen\u201c den Alltag ebenfalls in eine andere Sph\u00e4re. Als Leserin stachen bei mir zuerst die Kapitel \u00fcber die Kunst des B\u00fccherordnens, \u00fcber das Lesen und die Betrachtungen \u00fcber Brillen heraus, doch seine Anmerkungen \u00fcber die Gegenst\u00e4nde, die auf seinem Schreibtisch liegen oder seine drei Erinnerungen an fr\u00fcher besuchte Zimmer gefielen mir auch sehr gut.<\/p>\n\n\n\n<p>Wer mehr \u00fcber Georges Perec wissen m\u00f6chte:<\/p>\n\n\n\n<p><a href=\"https:\/\/de.m.wikipedia.org\/wiki\/Georges_Perec\">https:\/\/de.m.wikipedia.org\/wiki\/Georges_Perec<\/a><\/p>\n\n\n\n<p><\/p>\n","protected":false},"excerpt":{"rendered":"<p>Und hier ein weiterer Autor, den ich dieses Jahr neu entdeckt habe: Georges Perec, ein franz\u00f6sischer Autor, legt in seinen B\u00fcchern den Alltag unter das Mikroskop und erfasst minuti\u00f6s jede Art von Handlung, die zu einem Vorgang geh\u00f6rt, h\u00e4lt jede noch so unbedeutende Beobachtung fest und erkundet M\u00f6glichkeiten des Ordnens. Er ist nicht auf Sensationen &hellip; <a href=\"https:\/\/www.libroart.de\/lindabroszeit\/2020\/05\/26\/geordnet-und-katalogisiert\/\" class=\"more-link\"><span class=\"screen-reader-text\">\u201eDer Sezierer des \u201egrauen\u201c Alltags\u201c<\/span> weiterlesen<\/a><\/p>\n","protected":false},"author":1,"featured_media":0,"comment_status":"open","ping_status":"open","sticky":false,"template":"","format":"standard","meta":{"ngg_post_thumbnail":0,"footnotes":""},"categories":[16],"tags":[427,52,392,1512,9,719,435,2293],"class_list":["post-14449","post","type-post","status-publish","format-standard","hentry","category-sachbuecher","tag-alltag","tag-aufraeumen","tag-beobachten","tag-buecher","tag-lesen","tag-ordnung","tag-paris","tag-platz"],"aioseo_notices":[],"_links":{"self":[{"href":"https:\/\/www.libroart.de\/lindabroszeit\/wp-json\/wp\/v2\/posts\/14449","targetHints":{"allow":["GET"]}}],"collection":[{"href":"https:\/\/www.libroart.de\/lindabroszeit\/wp-json\/wp\/v2\/posts"}],"about":[{"href":"https:\/\/www.libroart.de\/lindabroszeit\/wp-json\/wp\/v2\/types\/post"}],"author":[{"embeddable":true,"href":"https:\/\/www.libroart.de\/lindabroszeit\/wp-json\/wp\/v2\/users\/1"}],"replies":[{"embeddable":true,"href":"https:\/\/www.libroart.de\/lindabroszeit\/wp-json\/wp\/v2\/comments?post=14449"}],"version-history":[{"count":5,"href":"https:\/\/www.libroart.de\/lindabroszeit\/wp-json\/wp\/v2\/posts\/14449\/revisions"}],"predecessor-version":[{"id":14458,"href":"https:\/\/www.libroart.de\/lindabroszeit\/wp-json\/wp\/v2\/posts\/14449\/revisions\/14458"}],"wp:attachment":[{"href":"https:\/\/www.libroart.de\/lindabroszeit\/wp-json\/wp\/v2\/media?parent=14449"}],"wp:term":[{"taxonomy":"category","embeddable":true,"href":"https:\/\/www.libroart.de\/lindabroszeit\/wp-json\/wp\/v2\/categories?post=14449"},{"taxonomy":"post_tag","embeddable":true,"href":"https:\/\/www.libroart.de\/lindabroszeit\/wp-json\/wp\/v2\/tags?post=14449"}],"curies":[{"name":"wp","href":"https:\/\/api.w.org\/{rel}","templated":true}]}}