{"id":11096,"date":"2019-03-25T01:16:25","date_gmt":"2019-03-25T00:16:25","guid":{"rendered":"https:\/\/www.libroart.de\/lindabroszeit\/?p=11096"},"modified":"2023-02-12T05:59:54","modified_gmt":"2023-02-12T04:59:54","slug":"die-ladenhueterin","status":"publish","type":"post","link":"https:\/\/www.libroart.de\/lindabroszeit\/2019\/03\/25\/die-ladenhueterin\/","title":{"rendered":"Die Ladenh\u00fcterin"},"content":{"rendered":"\n<figure class=\"wp-block-image is-resized\"><img loading=\"lazy\" decoding=\"async\" src=\"https:\/\/www.libroart.de\/lindabroszeit\/wp-content\/uploads\/2019\/03\/ABEDC193-2459-4265-BF41-B6E8F69F4DC3-1024x768.jpeg\" alt=\"\" class=\"wp-image-11101\" width=\"374\" height=\"281\" srcset=\"https:\/\/www.libroart.de\/lindabroszeit\/wp-content\/uploads\/2019\/03\/ABEDC193-2459-4265-BF41-B6E8F69F4DC3-1024x768.jpeg 1024w, https:\/\/www.libroart.de\/lindabroszeit\/wp-content\/uploads\/2019\/03\/ABEDC193-2459-4265-BF41-B6E8F69F4DC3-300x225.jpeg 300w, https:\/\/www.libroart.de\/lindabroszeit\/wp-content\/uploads\/2019\/03\/ABEDC193-2459-4265-BF41-B6E8F69F4DC3-768x576.jpeg 768w, https:\/\/www.libroart.de\/lindabroszeit\/wp-content\/uploads\/2019\/03\/ABEDC193-2459-4265-BF41-B6E8F69F4DC3-1200x900.jpeg 1200w\" sizes=\"auto, (max-width: 374px) 85vw, 374px\" \/><\/figure>\n\n\n\n<p><br><\/p>\n\n\n\n<p>Dieses Zitat kann ich nur zu ca. 50% f\u00fcr dieses Buch best\u00e4tigen.<\/p>\n\n\n\n<figure class=\"wp-block-image\"><img loading=\"lazy\" decoding=\"async\" width=\"291\" height=\"499\" src=\"https:\/\/www.libroart.de\/lindabroszeit\/wp-content\/uploads\/2019\/03\/2F24FD56-B17C-46BC-82A6-22875C9ED046.jpeg\" alt=\"\" class=\"wp-image-11145\" srcset=\"https:\/\/www.libroart.de\/lindabroszeit\/wp-content\/uploads\/2019\/03\/2F24FD56-B17C-46BC-82A6-22875C9ED046.jpeg 291w, https:\/\/www.libroart.de\/lindabroszeit\/wp-content\/uploads\/2019\/03\/2F24FD56-B17C-46BC-82A6-22875C9ED046-175x300.jpeg 175w\" sizes=\"auto, (max-width: 291px) 85vw, 291px\" \/><\/figure>\n\n\n\n<p>Ich finde dieses Buch eher beklemmend und folgerichtig, allerdings hat es mich auch fasziniert und meinem Leseged\u00e4chtnis einen nachhaltigen Stempel aufgedr\u00fcckt. (wollte mal etwas anderes schreiben als \u201eeinen nachhaltigen Eindruck hinterlassen\u201c).<\/p>\n\n\n\n<p>Der Inhalt: Keiko ist ein praktisch denkendes kleines M\u00e4dchen ohne gro\u00dfe Empathie f\u00fcr andere Mitmenschen. So greift sie z.B. zur Schaufel, als zwei Mitsch\u00fcler sich auf dem Schulhof raufen und gesagt wird, dass man die Jungen auseinander bringen m\u00fcsse. Mit einem Schaufelschlag auf einen Jungenkopf funktioniert das bestens. Die Eltern lieben ihre Tochter, doch bringt deren ungew\u00f6hnliches Verhalten ihnen viel Trauer. Da sie das Verhalten der Mitmenschen oftmals nicht versteht oder unlogisch findet, ihrer Familie aber keinen Kummer bereiten m\u00f6chte, beschlie\u00dft Keiko, nur noch das Allern\u00f6tigste zu sagen und schafft es, die Schule zu beenden und sich auf der Uni anzumelden. Nebenbei arbeitet sie noch in einem Supermarkt und merkt bald, dass dies \u201eihre Welt\u201c ist. Man bringt ihr bei, welche Gesichtsausdr\u00fccke sie wann annehmen soll, wie man sich zu Kunden verh\u00e4lt und  dass man auch in seiner Freizeit sich zum Wohle des Supermarktes verhalten muss, indem man sich gesund ern\u00e4hrt und gen\u00fcgend schl\u00e4ft. Keiko ist zwar nur eine Aushilfe, doch schon bald die beste Mitarbeiterin. Da sie auch noch die Sprache und das Aussehen ihrer Kolleginnen geschickt kopiert, findet sie bald Anschluss bei alten Schulfreundinnen und ihre Familie ist nun gl\u00fccklich \u00fcber ihr normales Verhalten. Jedoch bekommt diese Ruhe nach einigen Jahren Risse, als Keiko, inzwischen schon \u00fcber drei\u00dfig, weder verheiratet ist, noch einen angesehenen Fulltime-Job hat. Alle fangen an, f\u00fcr Keiko unangenehme Fragen zu stellen und sie immer wieder zu dr\u00e4ngen. Um ihre Ruhe zur\u00fcck zu erhalten muss sie schlie\u00dflich handeln und schl\u00e4gt einen auf den ersten Blick praktischen Weg ein, der allerdings fast in einer Katastrophe endet.<\/p>\n\n\n\n<p>Die Autorin arbeitet selbst in einem Supermarkt und wurde in Japan f\u00fcr ihr Erstlingswerk mit mehreren Literaturpreisen ausgezeichnet. Was ich an diesem Roman beklemmend fand war nicht Keiko, sondern die Konditionierung der Gesellschaft, ein Anderssein nicht ertragen zu k\u00f6nnen. Folgerichtig ist deshalb Keikos Wohlf\u00fchlen in ihrem Supermarkt, denn hier gibt es Regeln, durch die sie zu einem angesehenen Mitglied einer Gemeinschaft wird. Ist das nur in Japan so? Nein, wie dieser WAZ Artikel vom Samstag beweist:<\/p>\n\n\n\n<figure class=\"wp-block-image\"><img loading=\"lazy\" decoding=\"async\" width=\"768\" height=\"1024\" src=\"https:\/\/www.libroart.de\/lindabroszeit\/wp-content\/uploads\/2019\/03\/D33A1C9A-1AF0-4651-9142-499B79C64022-e1553463697338-768x1024.jpeg\" alt=\"\" class=\"wp-image-11138\" srcset=\"https:\/\/www.libroart.de\/lindabroszeit\/wp-content\/uploads\/2019\/03\/D33A1C9A-1AF0-4651-9142-499B79C64022-e1553463697338-768x1024.jpeg 768w, https:\/\/www.libroart.de\/lindabroszeit\/wp-content\/uploads\/2019\/03\/D33A1C9A-1AF0-4651-9142-499B79C64022-e1553463697338-225x300.jpeg 225w, https:\/\/www.libroart.de\/lindabroszeit\/wp-content\/uploads\/2019\/03\/D33A1C9A-1AF0-4651-9142-499B79C64022-e1553463697338.jpeg 926w\" sizes=\"auto, (max-width: 709px) 85vw, (max-width: 909px) 67vw, (max-width: 984px) 61vw, (max-width: 1362px) 45vw, 600px\" \/><\/figure>\n\n\n\n<p>Morgen bespreche ich eine Hausapotheke zum Mitnehmen.<\/p>\n\n\n\n<p><br><\/p>\n","protected":false},"excerpt":{"rendered":"<p>Dieses Zitat kann ich nur zu ca. 50% f\u00fcr dieses Buch best\u00e4tigen. Ich finde dieses Buch eher beklemmend und folgerichtig, allerdings hat es mich auch fasziniert und meinem Leseged\u00e4chtnis einen nachhaltigen Stempel aufgedr\u00fcckt. (wollte mal etwas anderes schreiben als \u201eeinen nachhaltigen Eindruck hinterlassen\u201c). Der Inhalt: Keiko ist ein praktisch denkendes kleines M\u00e4dchen ohne gro\u00dfe Empathie &hellip; <a href=\"https:\/\/www.libroart.de\/lindabroszeit\/2019\/03\/25\/die-ladenhueterin\/\" class=\"more-link\"><span class=\"screen-reader-text\">\u201eDie Ladenh\u00fcterin\u201c<\/span> weiterlesen<\/a><\/p>\n","protected":false},"author":1,"featured_media":0,"comment_status":"open","ping_status":"open","sticky":false,"template":"","format":"standard","meta":{"ngg_post_thumbnail":0,"footnotes":""},"categories":[8],"tags":[],"class_list":["post-11096","post","type-post","status-publish","format-standard","hentry","category-lieblingsbuecher"],"aioseo_notices":[],"_links":{"self":[{"href":"https:\/\/www.libroart.de\/lindabroszeit\/wp-json\/wp\/v2\/posts\/11096","targetHints":{"allow":["GET"]}}],"collection":[{"href":"https:\/\/www.libroart.de\/lindabroszeit\/wp-json\/wp\/v2\/posts"}],"about":[{"href":"https:\/\/www.libroart.de\/lindabroszeit\/wp-json\/wp\/v2\/types\/post"}],"author":[{"embeddable":true,"href":"https:\/\/www.libroart.de\/lindabroszeit\/wp-json\/wp\/v2\/users\/1"}],"replies":[{"embeddable":true,"href":"https:\/\/www.libroart.de\/lindabroszeit\/wp-json\/wp\/v2\/comments?post=11096"}],"version-history":[{"count":7,"href":"https:\/\/www.libroart.de\/lindabroszeit\/wp-json\/wp\/v2\/posts\/11096\/revisions"}],"predecessor-version":[{"id":11146,"href":"https:\/\/www.libroart.de\/lindabroszeit\/wp-json\/wp\/v2\/posts\/11096\/revisions\/11146"}],"wp:attachment":[{"href":"https:\/\/www.libroart.de\/lindabroszeit\/wp-json\/wp\/v2\/media?parent=11096"}],"wp:term":[{"taxonomy":"category","embeddable":true,"href":"https:\/\/www.libroart.de\/lindabroszeit\/wp-json\/wp\/v2\/categories?post=11096"},{"taxonomy":"post_tag","embeddable":true,"href":"https:\/\/www.libroart.de\/lindabroszeit\/wp-json\/wp\/v2\/tags?post=11096"}],"curies":[{"name":"wp","href":"https:\/\/api.w.org\/{rel}","templated":true}]}}