{"id":10313,"date":"2019-01-12T01:01:16","date_gmt":"2019-01-12T00:01:16","guid":{"rendered":"https:\/\/www.libroart.de\/lindabroszeit\/?p=10313"},"modified":"2019-01-24T19:34:05","modified_gmt":"2019-01-24T18:34:05","slug":"die-phrasendreschmaschine","status":"publish","type":"post","link":"https:\/\/www.libroart.de\/lindabroszeit\/2019\/01\/12\/die-phrasendreschmaschine\/","title":{"rendered":"Die Phrasendreschmaschine"},"content":{"rendered":"<p>Noch aus Buchhhandelszeiten besitze ich dieses Utensil:<\/p>\n<p><img loading=\"lazy\" decoding=\"async\" class=\"alignnone size-large wp-image-10347\" src=\"https:\/\/www.libroart.de\/lindabroszeit\/wp-content\/uploads\/2019\/01\/F4A10137-8B1C-4462-861C-022E4E1DA9C7-e1547200712120-1-1024x768.jpeg\" alt=\"\" width=\"840\" height=\"630\" srcset=\"https:\/\/www.libroart.de\/lindabroszeit\/wp-content\/uploads\/2019\/01\/F4A10137-8B1C-4462-861C-022E4E1DA9C7-e1547200712120-1-1024x768.jpeg 1024w, https:\/\/www.libroart.de\/lindabroszeit\/wp-content\/uploads\/2019\/01\/F4A10137-8B1C-4462-861C-022E4E1DA9C7-e1547200712120-1-300x225.jpeg 300w, https:\/\/www.libroart.de\/lindabroszeit\/wp-content\/uploads\/2019\/01\/F4A10137-8B1C-4462-861C-022E4E1DA9C7-e1547200712120-1-768x576.jpeg 768w, https:\/\/www.libroart.de\/lindabroszeit\/wp-content\/uploads\/2019\/01\/F4A10137-8B1C-4462-861C-022E4E1DA9C7-e1547200712120-1-1200x900.jpeg 1200w, https:\/\/www.libroart.de\/lindabroszeit\/wp-content\/uploads\/2019\/01\/F4A10137-8B1C-4462-861C-022E4E1DA9C7-e1547200712120-1.jpeg 1234w\" sizes=\"auto, (max-width: 709px) 85vw, (max-width: 909px) 67vw, (max-width: 1362px) 62vw, 840px\" \/><\/p>\n<p>Es war das Geschenk eines Verlages anl\u00e4sslich einer Bundestagswahl. Schon damals hatte ich viel Spa\u00df daran, auf beiden Seiten oben an den drei R\u00e4dchen zu drehen und immer neue &nbsp;Phrasen zu entdecken.<\/p>\n<p>Finden Sie auch welche? Hier ein paar W\u00f6rter, die man bestens kombinieren kann: Unersch\u00fctterliche, Phase, Identifikation,Zukunfts, konstruktive, Flexibilit\u00e4t,ambivalent,Problematik,kreative,Koalitions,Konzeption<\/p>\n<p>Wer kombiniert am besten?<\/p>\n<p>Montag geht es weiter, wei\u00df noch nicht mit welchem Thema.<\/p>\n<p>&nbsp;<\/p>\n<p>&nbsp;<\/p>\n","protected":false},"excerpt":{"rendered":"<p>Noch aus Buchhhandelszeiten besitze ich dieses Utensil: Es war das Geschenk eines Verlages anl\u00e4sslich einer Bundestagswahl. Schon damals hatte ich viel Spa\u00df daran, auf beiden Seiten oben an den drei R\u00e4dchen zu drehen und immer neue &nbsp;Phrasen zu entdecken. Finden Sie auch welche? Hier ein paar W\u00f6rter, die man bestens kombinieren kann: Unersch\u00fctterliche, Phase, Identifikation,Zukunfts, &hellip; <a href=\"https:\/\/www.libroart.de\/lindabroszeit\/2019\/01\/12\/die-phrasendreschmaschine\/\" class=\"more-link\"><span class=\"screen-reader-text\">\u201eDie Phrasendreschmaschine\u201c<\/span> weiterlesen<\/a><\/p>\n","protected":false},"author":1,"featured_media":0,"comment_status":"open","ping_status":"open","sticky":false,"template":"","format":"standard","meta":{"ngg_post_thumbnail":0,"footnotes":""},"categories":[1105,111],"tags":[438,861,1134],"class_list":["post-10313","post","type-post","status-publish","format-standard","hentry","category-gehirnjogging","category-textsnacks","tag-politiker","tag-raetsel","tag-sprache"],"aioseo_notices":[],"_links":{"self":[{"href":"https:\/\/www.libroart.de\/lindabroszeit\/wp-json\/wp\/v2\/posts\/10313","targetHints":{"allow":["GET"]}}],"collection":[{"href":"https:\/\/www.libroart.de\/lindabroszeit\/wp-json\/wp\/v2\/posts"}],"about":[{"href":"https:\/\/www.libroart.de\/lindabroszeit\/wp-json\/wp\/v2\/types\/post"}],"author":[{"embeddable":true,"href":"https:\/\/www.libroart.de\/lindabroszeit\/wp-json\/wp\/v2\/users\/1"}],"replies":[{"embeddable":true,"href":"https:\/\/www.libroart.de\/lindabroszeit\/wp-json\/wp\/v2\/comments?post=10313"}],"version-history":[{"count":7,"href":"https:\/\/www.libroart.de\/lindabroszeit\/wp-json\/wp\/v2\/posts\/10313\/revisions"}],"predecessor-version":[{"id":10463,"href":"https:\/\/www.libroart.de\/lindabroszeit\/wp-json\/wp\/v2\/posts\/10313\/revisions\/10463"}],"wp:attachment":[{"href":"https:\/\/www.libroart.de\/lindabroszeit\/wp-json\/wp\/v2\/media?parent=10313"}],"wp:term":[{"taxonomy":"category","embeddable":true,"href":"https:\/\/www.libroart.de\/lindabroszeit\/wp-json\/wp\/v2\/categories?post=10313"},{"taxonomy":"post_tag","embeddable":true,"href":"https:\/\/www.libroart.de\/lindabroszeit\/wp-json\/wp\/v2\/tags?post=10313"}],"curies":[{"name":"wp","href":"https:\/\/api.w.org\/{rel}","templated":true}]}}